{"id":45847,"date":"2026-04-27T07:38:14","date_gmt":"2026-04-27T10:38:14","guid":{"rendered":"https:\/\/tendenciaspoliticas.com\/?p=45847"},"modified":"2026-04-27T07:38:14","modified_gmt":"2026-04-27T10:38:14","slug":"las-encuestas-reflejan-un-desgaste-en-la-aprobacion-del-gobierno-y-en-su-narrativa-anticasta","status":"publish","type":"post","link":"https:\/\/tendenciaspoliticas.com\/?p=45847","title":{"rendered":"Las encuestas reflejan un desgaste en la aprobaci\u00f3n del Gobierno y en su narrativa anticasta"},"content":{"rendered":"\n<p>Relevamientos recientes muestran una ca\u00edda en el respaldo social y cuestionamientos a dos pilares centrales del discurso oficial: el ajuste econ\u00f3mico y la promesa de transparencia.<\/p>\n\n\n\n<figure class=\"wp-block-image size-large\"><img loading=\"lazy\" decoding=\"async\" width=\"1024\" height=\"538\" src=\"https:\/\/tendenciaspoliticas.com\/wp-content\/uploads\/2026\/04\/image-331-1024x538.png\" alt=\"\" class=\"wp-image-45848\" srcset=\"https:\/\/tendenciaspoliticas.com\/wp-content\/uploads\/2026\/04\/image-331-1024x538.png 1024w, https:\/\/tendenciaspoliticas.com\/wp-content\/uploads\/2026\/04\/image-331-300x158.png 300w, https:\/\/tendenciaspoliticas.com\/wp-content\/uploads\/2026\/04\/image-331-768x403.png 768w, https:\/\/tendenciaspoliticas.com\/wp-content\/uploads\/2026\/04\/image-331.png 1200w\" sizes=\"auto, (max-width: 1024px) 100vw, 1024px\" \/><\/figure>\n\n\n\n<p><br>Distintos estudios de opini\u00f3n p\u00fablica comenzaron a registrar un deterioro en la imagen del Gobierno, acompa\u00f1ado por un desgaste en dos de sus principales ejes discursivos: la tolerancia social al ajuste econ\u00f3mico y la credibilidad del discurso anticorrupci\u00f3n. Seg\u00fan los relevamientos, el respaldo ciudadano muestra se\u00f1ales de fatiga frente a las medidas de austeridad, en un contexto donde el impacto en los ingresos y el consumo se vuelve cada vez m\u00e1s visible. A su vez, episodios pol\u00edticos recientes y denuncias judiciales afectan la percepci\u00f3n de transparencia que el oficialismo hab\u00eda instalado como bandera. Analistas coinciden en que el Gobierno enfrenta un escenario m\u00e1s complejo en t\u00e9rminos de opini\u00f3n p\u00fablica, donde la consistencia entre discurso y pr\u00e1ctica adquiere mayor relevancia. El deterioro en la aprobaci\u00f3n no implica necesariamente un cambio abrupto en el mapa pol\u00edtico, pero s\u00ed introduce se\u00f1ales de alerta sobre la sostenibilidad del apoyo social. En paralelo, el oficialismo busca reforzar su narrativa y destacar los avances en materia econ\u00f3mica, aunque los resultados a\u00fan no logran consolidarse en la percepci\u00f3n general. La evoluci\u00f3n de estos indicadores ser\u00e1 clave para anticipar el clima pol\u00edtico de los pr\u00f3ximos meses, especialmente en un a\u00f1o donde las decisiones econ\u00f3micas contin\u00faan teniendo alto impacto en la vida cotidiana.<\/p>\n","protected":false},"excerpt":{"rendered":"<p>Relevamientos recientes muestran una ca\u00edda en el respaldo social y cuestionamientos a dos pilares centrales&#8230;<\/p>\n","protected":false},"author":2,"featured_media":0,"comment_status":"open","ping_status":"open","sticky":false,"template":"","format":"standard","meta":{"footnotes":""},"categories":[13],"tags":[14],"class_list":["post-45847","post","type-post","status-publish","format-standard","hentry","category-ultima-noticia","tag-politica"],"_links":{"self":[{"href":"https:\/\/tendenciaspoliticas.com\/index.php?rest_route=\/wp\/v2\/posts\/45847","targetHints":{"allow":["GET"]}}],"collection":[{"href":"https:\/\/tendenciaspoliticas.com\/index.php?rest_route=\/wp\/v2\/posts"}],"about":[{"href":"https:\/\/tendenciaspoliticas.com\/index.php?rest_route=\/wp\/v2\/types\/post"}],"author":[{"embeddable":true,"href":"https:\/\/tendenciaspoliticas.com\/index.php?rest_route=\/wp\/v2\/users\/2"}],"replies":[{"embeddable":true,"href":"https:\/\/tendenciaspoliticas.com\/index.php?rest_route=%2Fwp%2Fv2%2Fcomments&post=45847"}],"version-history":[{"count":1,"href":"https:\/\/tendenciaspoliticas.com\/index.php?rest_route=\/wp\/v2\/posts\/45847\/revisions"}],"predecessor-version":[{"id":45849,"href":"https:\/\/tendenciaspoliticas.com\/index.php?rest_route=\/wp\/v2\/posts\/45847\/revisions\/45849"}],"wp:attachment":[{"href":"https:\/\/tendenciaspoliticas.com\/index.php?rest_route=%2Fwp%2Fv2%2Fmedia&parent=45847"}],"wp:term":[{"taxonomy":"category","embeddable":true,"href":"https:\/\/tendenciaspoliticas.com\/index.php?rest_route=%2Fwp%2Fv2%2Fcategories&post=45847"},{"taxonomy":"post_tag","embeddable":true,"href":"https:\/\/tendenciaspoliticas.com\/index.php?rest_route=%2Fwp%2Fv2%2Ftags&post=45847"}],"curies":[{"name":"wp","href":"https:\/\/api.w.org\/{rel}","templated":true}]}}