{"id":45844,"date":"2026-04-27T16:37:00","date_gmt":"2026-04-27T19:37:00","guid":{"rendered":"https:\/\/tendenciaspoliticas.com\/?p=45844"},"modified":"2026-04-27T07:37:41","modified_gmt":"2026-04-27T10:37:41","slug":"jorge-macri-analiza-una-posible-alianza-con-la-libertad-avanza-hacia-2027","status":"publish","type":"post","link":"https:\/\/tendenciaspoliticas.com\/?p=45844","title":{"rendered":"Jorge Macri analiza una posible alianza con La Libertad Avanza hacia 2027"},"content":{"rendered":"\n<p>El jefe de Gobierno porte\u00f1o destac\u00f3 que la competencia conjunta mejor\u00f3 los resultados electorales y valor\u00f3 el proceso de reorganizaci\u00f3n interna del PRO.<\/p>\n\n\n\n<figure class=\"wp-block-image size-full\"><img loading=\"lazy\" decoding=\"async\" width=\"862\" height=\"575\" src=\"https:\/\/tendenciaspoliticas.com\/wp-content\/uploads\/2026\/04\/image-330.png\" alt=\"\" class=\"wp-image-45845\" srcset=\"https:\/\/tendenciaspoliticas.com\/wp-content\/uploads\/2026\/04\/image-330.png 862w, https:\/\/tendenciaspoliticas.com\/wp-content\/uploads\/2026\/04\/image-330-300x200.png 300w, https:\/\/tendenciaspoliticas.com\/wp-content\/uploads\/2026\/04\/image-330-768x512.png 768w\" sizes=\"auto, (max-width: 862px) 100vw, 862px\" \/><\/figure>\n\n\n\n<p><br>El jefe de Gobierno de la Ciudad de Buenos Aires, Jorge Macri, abri\u00f3 la puerta a una eventual alianza electoral con La Libertad Avanza de cara a 2027. En sus declaraciones, remarc\u00f3 que las experiencias previas en las que ambas fuerzas compitieron en conjunto arrojaron resultados positivos, lo que alimenta la posibilidad de repetir esa estrategia en el futuro. Macri tambi\u00e9n destac\u00f3 el proceso de reorganizaci\u00f3n interna que atraviesa el PRO bajo la conducci\u00f3n de Mauricio Macri, con el objetivo de fortalecer su estructura pol\u00edtica. La eventual convergencia entre ambos espacios se da en un contexto de reconfiguraci\u00f3n del sistema pol\u00edtico, donde las alianzas juegan un rol clave en la construcci\u00f3n de mayor\u00edas. Sin embargo, el escenario presenta desaf\u00edos, ya que existen diferencias program\u00e1ticas y liderazgos en disputa. Analistas pol\u00edticos se\u00f1alan que una alianza de este tipo podr\u00eda consolidar un bloque competitivo frente a otras fuerzas, aunque tambi\u00e9n implicar\u00eda negociaciones complejas. En paralelo, el oficialismo nacional observa estos movimientos con atenci\u00f3n, dado su impacto potencial en el equilibrio pol\u00edtico. La definici\u00f3n sobre una eventual alianza depender\u00e1 de m\u00faltiples factores, incluyendo la evoluci\u00f3n del contexto econ\u00f3mico y la din\u00e1mica interna de cada espacio. Mientras tanto, las declaraciones de Macri anticipan un debate que se proyecta hacia el mediano plazo.<\/p>\n","protected":false},"excerpt":{"rendered":"<p>El jefe de Gobierno porte\u00f1o destac\u00f3 que la competencia conjunta mejor\u00f3 los resultados electorales y&#8230;<\/p>\n","protected":false},"author":2,"featured_media":0,"comment_status":"open","ping_status":"open","sticky":false,"template":"","format":"standard","meta":{"footnotes":""},"categories":[13],"tags":[14],"class_list":["post-45844","post","type-post","status-publish","format-standard","hentry","category-ultima-noticia","tag-politica"],"_links":{"self":[{"href":"https:\/\/tendenciaspoliticas.com\/index.php?rest_route=\/wp\/v2\/posts\/45844","targetHints":{"allow":["GET"]}}],"collection":[{"href":"https:\/\/tendenciaspoliticas.com\/index.php?rest_route=\/wp\/v2\/posts"}],"about":[{"href":"https:\/\/tendenciaspoliticas.com\/index.php?rest_route=\/wp\/v2\/types\/post"}],"author":[{"embeddable":true,"href":"https:\/\/tendenciaspoliticas.com\/index.php?rest_route=\/wp\/v2\/users\/2"}],"replies":[{"embeddable":true,"href":"https:\/\/tendenciaspoliticas.com\/index.php?rest_route=%2Fwp%2Fv2%2Fcomments&post=45844"}],"version-history":[{"count":1,"href":"https:\/\/tendenciaspoliticas.com\/index.php?rest_route=\/wp\/v2\/posts\/45844\/revisions"}],"predecessor-version":[{"id":45846,"href":"https:\/\/tendenciaspoliticas.com\/index.php?rest_route=\/wp\/v2\/posts\/45844\/revisions\/45846"}],"wp:attachment":[{"href":"https:\/\/tendenciaspoliticas.com\/index.php?rest_route=%2Fwp%2Fv2%2Fmedia&parent=45844"}],"wp:term":[{"taxonomy":"category","embeddable":true,"href":"https:\/\/tendenciaspoliticas.com\/index.php?rest_route=%2Fwp%2Fv2%2Fcategories&post=45844"},{"taxonomy":"post_tag","embeddable":true,"href":"https:\/\/tendenciaspoliticas.com\/index.php?rest_route=%2Fwp%2Fv2%2Ftags&post=45844"}],"curies":[{"name":"wp","href":"https:\/\/api.w.org\/{rel}","templated":true}]}}