{"id":45841,"date":"2026-04-27T07:37:04","date_gmt":"2026-04-27T10:37:04","guid":{"rendered":"https:\/\/tendenciaspoliticas.com\/?p=45841"},"modified":"2026-04-27T07:37:05","modified_gmt":"2026-04-27T10:37:05","slug":"adorni-prepara-su-informe-al-congreso-en-medio-de-tensiones-politicas-y-judiciales","status":"publish","type":"post","link":"https:\/\/tendenciaspoliticas.com\/?p=45841","title":{"rendered":"Adorni prepara su informe al Congreso en medio de tensiones pol\u00edticas y judiciales"},"content":{"rendered":"\n<p>El jefe de Gabinete expondr\u00e1 durante una hora con foco en la econom\u00eda, mientras persisten dudas sobre su continuidad y el impacto de investigaciones en curso.<\/p>\n\n\n\n<figure class=\"wp-block-image size-large\"><img loading=\"lazy\" decoding=\"async\" width=\"1024\" height=\"576\" src=\"https:\/\/tendenciaspoliticas.com\/wp-content\/uploads\/2026\/04\/image-329-1024x576.png\" alt=\"\" class=\"wp-image-45842\" srcset=\"https:\/\/tendenciaspoliticas.com\/wp-content\/uploads\/2026\/04\/image-329-1024x576.png 1024w, https:\/\/tendenciaspoliticas.com\/wp-content\/uploads\/2026\/04\/image-329-300x169.png 300w, https:\/\/tendenciaspoliticas.com\/wp-content\/uploads\/2026\/04\/image-329-768x432.png 768w, https:\/\/tendenciaspoliticas.com\/wp-content\/uploads\/2026\/04\/image-329.png 1146w\" sizes=\"auto, (max-width: 1024px) 100vw, 1024px\" \/><\/figure>\n\n\n\n<p><br>El jefe de Gabinete, Manuel Adorni, se prepara para presentar su informe de gesti\u00f3n ante el Congreso en un contexto marcado por tensiones pol\u00edticas y judiciales. La exposici\u00f3n, que se espera tenga una duraci\u00f3n de aproximadamente una hora, estar\u00e1 centrada en la situaci\u00f3n econ\u00f3mica y en las principales medidas adoptadas por el Gobierno. Sin embargo, el escenario est\u00e1 atravesado por interrogantes sobre su continuidad en el cargo, en medio de una investigaci\u00f3n judicial vinculada a su patrimonio. El funcionario cuenta con el respaldo de los hermanos Milei, quienes seguir\u00e1n de cerca la presentaci\u00f3n desde el recinto. A pesar de ese apoyo, persisten dudas sobre el impacto pol\u00edtico del caso y su evoluci\u00f3n en el corto plazo. Otro factor de incertidumbre es el denominado \u201cfactor Francos\u201d, en referencia al rol que podr\u00eda asumir Guillermo Francos en la din\u00e1mica del Gabinete. La combinaci\u00f3n de estos elementos convierte la exposici\u00f3n en un momento clave para el Gobierno, tanto en t\u00e9rminos de comunicaci\u00f3n como de gobernabilidad. Analistas pol\u00edticos se\u00f1alan que el desempe\u00f1o de Adorni podr\u00eda influir en la percepci\u00f3n p\u00fablica sobre la gesti\u00f3n. En paralelo, la oposici\u00f3n se prepara para cuestionar distintos aspectos del informe, lo que anticipa un debate intenso en el recinto. El resultado de esta instancia ser\u00e1 determinante para el posicionamiento del Ejecutivo en el Congreso.<\/p>\n","protected":false},"excerpt":{"rendered":"<p>El jefe de Gabinete expondr\u00e1 durante una hora con foco en la econom\u00eda, mientras persisten&#8230;<\/p>\n","protected":false},"author":2,"featured_media":0,"comment_status":"open","ping_status":"open","sticky":false,"template":"","format":"standard","meta":{"footnotes":""},"categories":[1],"tags":[14],"class_list":["post-45841","post","type-post","status-publish","format-standard","hentry","category-politica","tag-politica"],"_links":{"self":[{"href":"https:\/\/tendenciaspoliticas.com\/index.php?rest_route=\/wp\/v2\/posts\/45841","targetHints":{"allow":["GET"]}}],"collection":[{"href":"https:\/\/tendenciaspoliticas.com\/index.php?rest_route=\/wp\/v2\/posts"}],"about":[{"href":"https:\/\/tendenciaspoliticas.com\/index.php?rest_route=\/wp\/v2\/types\/post"}],"author":[{"embeddable":true,"href":"https:\/\/tendenciaspoliticas.com\/index.php?rest_route=\/wp\/v2\/users\/2"}],"replies":[{"embeddable":true,"href":"https:\/\/tendenciaspoliticas.com\/index.php?rest_route=%2Fwp%2Fv2%2Fcomments&post=45841"}],"version-history":[{"count":1,"href":"https:\/\/tendenciaspoliticas.com\/index.php?rest_route=\/wp\/v2\/posts\/45841\/revisions"}],"predecessor-version":[{"id":45843,"href":"https:\/\/tendenciaspoliticas.com\/index.php?rest_route=\/wp\/v2\/posts\/45841\/revisions\/45843"}],"wp:attachment":[{"href":"https:\/\/tendenciaspoliticas.com\/index.php?rest_route=%2Fwp%2Fv2%2Fmedia&parent=45841"}],"wp:term":[{"taxonomy":"category","embeddable":true,"href":"https:\/\/tendenciaspoliticas.com\/index.php?rest_route=%2Fwp%2Fv2%2Fcategories&post=45841"},{"taxonomy":"post_tag","embeddable":true,"href":"https:\/\/tendenciaspoliticas.com\/index.php?rest_route=%2Fwp%2Fv2%2Ftags&post=45841"}],"curies":[{"name":"wp","href":"https:\/\/api.w.org\/{rel}","templated":true}]}}