{"id":45838,"date":"2026-04-27T07:36:29","date_gmt":"2026-04-27T10:36:29","guid":{"rendered":"https:\/\/tendenciaspoliticas.com\/?p=45838"},"modified":"2026-04-27T07:36:29","modified_gmt":"2026-04-27T10:36:29","slug":"sturzenegger-plantea-reformar-el-smn-y-cuestiona-el-costo-de-su-estructura","status":"publish","type":"post","link":"https:\/\/tendenciaspoliticas.com\/?p=45838","title":{"rendered":"Sturzenegger plantea reformar el SMN y cuestiona el costo de su estructura"},"content":{"rendered":"\n<figure class=\"wp-block-image size-full is-resized\"><img loading=\"lazy\" decoding=\"async\" width=\"290\" height=\"174\" src=\"https:\/\/tendenciaspoliticas.com\/wp-content\/uploads\/2026\/04\/image-328.png\" alt=\"\" class=\"wp-image-45839\" style=\"width:790px;height:auto\"\/><\/figure>\n\n\n\n<p>El ministro se\u00f1al\u00f3 que el organismo demanda \u201cmillones de d\u00f3lares\u201d en salarios y sugiri\u00f3 avanzar en un proceso de modernizaci\u00f3n que podr\u00eda impactar en su personal.<br>El ministro Federico Sturzenegger se refiri\u00f3 al funcionamiento del Servicio Meteorol\u00f3gico Nacional (SMN) y plante\u00f3 la necesidad de avanzar en una reforma estructural del organismo. Seg\u00fan indic\u00f3, el Estado destina \u201cmillones de d\u00f3lares\u201d al pago de salarios, lo que abre el debate sobre la eficiencia del sistema y la asignaci\u00f3n de recursos p\u00fablicos. El funcionario sugiri\u00f3 que la modernizaci\u00f3n del SMN es un paso necesario para mejorar su desempe\u00f1o, aunque sus declaraciones tambi\u00e9n generaron inquietud sobre el futuro del personal. \u201cSiempre est\u00e1 la pregunta sobre el eventual destino del personal\u201d, afirm\u00f3, dejando entrever la posibilidad de cambios en la estructura laboral. El planteo se inscribe en una pol\u00edtica m\u00e1s amplia del Gobierno orientada a reducir el gasto p\u00fablico y optimizar el funcionamiento de los organismos estatales. Sin embargo, la propuesta genera resistencia en sectores que advierten sobre el valor estrat\u00e9gico del SMN como organismo cient\u00edfico y t\u00e9cnico. Especialistas destacan que su rol es clave para la prevenci\u00f3n de fen\u00f3menos clim\u00e1ticos y la generaci\u00f3n de informaci\u00f3n cr\u00edtica para diversas actividades econ\u00f3micas. En este contexto, cualquier reforma deber\u00e1 equilibrar la eficiencia administrativa con la preservaci\u00f3n de capacidades t\u00e9cnicas. El debate sobre el futuro del SMN se suma a otras discusiones sobre el rol del Estado y la gesti\u00f3n de sus recursos.<\/p>\n","protected":false},"excerpt":{"rendered":"<p>El ministro se\u00f1al\u00f3 que el organismo demanda \u201cmillones de d\u00f3lares\u201d en salarios y sugiri\u00f3 avanzar&#8230;<\/p>\n","protected":false},"author":2,"featured_media":0,"comment_status":"open","ping_status":"open","sticky":false,"template":"","format":"standard","meta":{"footnotes":""},"categories":[13],"tags":[14],"class_list":["post-45838","post","type-post","status-publish","format-standard","hentry","category-ultima-noticia","tag-politica"],"_links":{"self":[{"href":"https:\/\/tendenciaspoliticas.com\/index.php?rest_route=\/wp\/v2\/posts\/45838","targetHints":{"allow":["GET"]}}],"collection":[{"href":"https:\/\/tendenciaspoliticas.com\/index.php?rest_route=\/wp\/v2\/posts"}],"about":[{"href":"https:\/\/tendenciaspoliticas.com\/index.php?rest_route=\/wp\/v2\/types\/post"}],"author":[{"embeddable":true,"href":"https:\/\/tendenciaspoliticas.com\/index.php?rest_route=\/wp\/v2\/users\/2"}],"replies":[{"embeddable":true,"href":"https:\/\/tendenciaspoliticas.com\/index.php?rest_route=%2Fwp%2Fv2%2Fcomments&post=45838"}],"version-history":[{"count":1,"href":"https:\/\/tendenciaspoliticas.com\/index.php?rest_route=\/wp\/v2\/posts\/45838\/revisions"}],"predecessor-version":[{"id":45840,"href":"https:\/\/tendenciaspoliticas.com\/index.php?rest_route=\/wp\/v2\/posts\/45838\/revisions\/45840"}],"wp:attachment":[{"href":"https:\/\/tendenciaspoliticas.com\/index.php?rest_route=%2Fwp%2Fv2%2Fmedia&parent=45838"}],"wp:term":[{"taxonomy":"category","embeddable":true,"href":"https:\/\/tendenciaspoliticas.com\/index.php?rest_route=%2Fwp%2Fv2%2Fcategories&post=45838"},{"taxonomy":"post_tag","embeddable":true,"href":"https:\/\/tendenciaspoliticas.com\/index.php?rest_route=%2Fwp%2Fv2%2Ftags&post=45838"}],"curies":[{"name":"wp","href":"https:\/\/api.w.org\/{rel}","templated":true}]}}