{"id":45835,"date":"2026-04-27T16:35:00","date_gmt":"2026-04-27T19:35:00","guid":{"rendered":"https:\/\/tendenciaspoliticas.com\/?p=45835"},"modified":"2026-04-27T07:35:50","modified_gmt":"2026-04-27T10:35:50","slug":"escala-la-interna-en-la-sociedad-rural-por-una-contratacion-fallida-y-perdidas-millonarias","status":"publish","type":"post","link":"https:\/\/tendenciaspoliticas.com\/?p=45835","title":{"rendered":"Escala la interna en la Sociedad Rural por una contrataci\u00f3n fallida y p\u00e9rdidas millonarias"},"content":{"rendered":"\n<figure class=\"wp-block-image size-full\"><img loading=\"lazy\" decoding=\"async\" width=\"880\" height=\"506\" src=\"https:\/\/tendenciaspoliticas.com\/wp-content\/uploads\/2026\/04\/image-327.png\" alt=\"\" class=\"wp-image-45836\" srcset=\"https:\/\/tendenciaspoliticas.com\/wp-content\/uploads\/2026\/04\/image-327.png 880w, https:\/\/tendenciaspoliticas.com\/wp-content\/uploads\/2026\/04\/image-327-300x173.png 300w, https:\/\/tendenciaspoliticas.com\/wp-content\/uploads\/2026\/04\/image-327-768x442.png 768w\" sizes=\"auto, (max-width: 880px) 100vw, 880px\" \/><\/figure>\n\n\n\n<p>La disputa entre el presidente Nicol\u00e1s Pino y su vice Marcos Pereda expone tensiones internas tras un proyecto que dej\u00f3 p\u00e9rdidas por unos US$ 3 millones.<br>La Sociedad Rural Argentina atraviesa una fuerte interna tras el fracaso de una iniciativa vinculada a la modernizaci\u00f3n de los registros geneal\u00f3gicos, que deriv\u00f3 en p\u00e9rdidas estimadas en tres millones de d\u00f3lares. El conflicto enfrenta al presidente de la entidad, Nicol\u00e1s Pino, con su vicepresidente, Marcos Pereda, en una disputa que incluye acusaciones cruzadas sobre la gesti\u00f3n del proyecto. La controversia pone en evidencia diferencias de criterio en la conducci\u00f3n de la entidad y abre interrogantes sobre su rumbo institucional. Seg\u00fan trascendi\u00f3, la contrataci\u00f3n cuestionada no cumpli\u00f3 con los objetivos previstos, lo que gener\u00f3 un impacto econ\u00f3mico significativo y tens\u00f3 la relaci\u00f3n entre los dirigentes. La interna se da en un momento clave para el sector agropecuario, que enfrenta desaf\u00edos econ\u00f3micos y pol\u00edticos de relevancia. En este contexto, la falta de cohesi\u00f3n dentro de una de las principales entidades del campo podr\u00eda debilitar su capacidad de representaci\u00f3n. Especialistas en el sector se\u00f1alan que la transparencia en la gesti\u00f3n y la eficiencia en la administraci\u00f3n de recursos son factores centrales para sostener la credibilidad institucional. La disputa tambi\u00e9n podr\u00eda tener consecuencias en la din\u00e1mica interna de la organizaci\u00f3n, con posibles reconfiguraciones en su liderazgo. Mientras tanto, el conflicto sigue abierto y sin una resoluci\u00f3n clara, lo que mantiene la incertidumbre sobre el futuro de la entidad.<\/p>\n","protected":false},"excerpt":{"rendered":"<p>La disputa entre el presidente Nicol\u00e1s Pino y su vice Marcos Pereda expone tensiones internas&#8230;<\/p>\n","protected":false},"author":2,"featured_media":0,"comment_status":"open","ping_status":"open","sticky":false,"template":"","format":"standard","meta":{"footnotes":""},"categories":[13],"tags":[39],"class_list":["post-45835","post","type-post","status-publish","format-standard","hentry","category-ultima-noticia","tag-sociedad"],"_links":{"self":[{"href":"https:\/\/tendenciaspoliticas.com\/index.php?rest_route=\/wp\/v2\/posts\/45835","targetHints":{"allow":["GET"]}}],"collection":[{"href":"https:\/\/tendenciaspoliticas.com\/index.php?rest_route=\/wp\/v2\/posts"}],"about":[{"href":"https:\/\/tendenciaspoliticas.com\/index.php?rest_route=\/wp\/v2\/types\/post"}],"author":[{"embeddable":true,"href":"https:\/\/tendenciaspoliticas.com\/index.php?rest_route=\/wp\/v2\/users\/2"}],"replies":[{"embeddable":true,"href":"https:\/\/tendenciaspoliticas.com\/index.php?rest_route=%2Fwp%2Fv2%2Fcomments&post=45835"}],"version-history":[{"count":1,"href":"https:\/\/tendenciaspoliticas.com\/index.php?rest_route=\/wp\/v2\/posts\/45835\/revisions"}],"predecessor-version":[{"id":45837,"href":"https:\/\/tendenciaspoliticas.com\/index.php?rest_route=\/wp\/v2\/posts\/45835\/revisions\/45837"}],"wp:attachment":[{"href":"https:\/\/tendenciaspoliticas.com\/index.php?rest_route=%2Fwp%2Fv2%2Fmedia&parent=45835"}],"wp:term":[{"taxonomy":"category","embeddable":true,"href":"https:\/\/tendenciaspoliticas.com\/index.php?rest_route=%2Fwp%2Fv2%2Fcategories&post=45835"},{"taxonomy":"post_tag","embeddable":true,"href":"https:\/\/tendenciaspoliticas.com\/index.php?rest_route=%2Fwp%2Fv2%2Ftags&post=45835"}],"curies":[{"name":"wp","href":"https:\/\/api.w.org\/{rel}","templated":true}]}}