{"id":45832,"date":"2026-04-27T16:34:00","date_gmt":"2026-04-27T19:34:00","guid":{"rendered":"https:\/\/tendenciaspoliticas.com\/?p=45832"},"modified":"2026-04-27T07:35:06","modified_gmt":"2026-04-27T10:35:06","slug":"nigel-farage-refuerza-su-postura-sobre-malvinas-en-sintonia-con-milei","status":"publish","type":"post","link":"https:\/\/tendenciaspoliticas.com\/?p=45832","title":{"rendered":"Nigel Farage refuerza su postura sobre Malvinas en sinton\u00eda con Milei"},"content":{"rendered":"\n<figure class=\"wp-block-image size-large\"><img loading=\"lazy\" decoding=\"async\" width=\"1024\" height=\"540\" src=\"https:\/\/tendenciaspoliticas.com\/wp-content\/uploads\/2026\/04\/image-326-1024x540.png\" alt=\"\" class=\"wp-image-45833\" srcset=\"https:\/\/tendenciaspoliticas.com\/wp-content\/uploads\/2026\/04\/image-326-1024x540.png 1024w, https:\/\/tendenciaspoliticas.com\/wp-content\/uploads\/2026\/04\/image-326-300x158.png 300w, https:\/\/tendenciaspoliticas.com\/wp-content\/uploads\/2026\/04\/image-326-768x405.png 768w, https:\/\/tendenciaspoliticas.com\/wp-content\/uploads\/2026\/04\/image-326.png 1200w\" sizes=\"auto, (max-width: 1024px) 100vw, 1024px\" \/><\/figure>\n\n\n\n<p>El l\u00edder de la ultraderecha brit\u00e1nica ratifica que la soberan\u00eda de las islas no est\u00e1 en discusi\u00f3n, en medio de su acercamiento pol\u00edtico con el Presidente argentino.<br>La visita del dirigente brit\u00e1nico Nigel Farage vuelve a poner en primer plano la cuesti\u00f3n de las Islas Malvinas, al reafirmar su postura hist\u00f3rica de que la soberan\u00eda no es negociable. Aliado pol\u00edtico de Javier Milei, Farage ten\u00eda previsto mantener encuentros en Londres que reforzaran los v\u00ednculos entre ambos espacios. Su posicionamiento se da en un contexto internacional donde algunas declaraciones del expresidente estadounidense Donald Trump hab\u00edan generado expectativas sobre eventuales cambios en la agenda geopol\u00edtica. Sin embargo, Farage se encarg\u00f3 de descartar cualquier modificaci\u00f3n en la postura brit\u00e1nica, subrayando que la autodeterminaci\u00f3n de los habitantes de las islas es un principio inamovible. La definici\u00f3n impacta en la relaci\u00f3n bilateral entre Argentina y el Reino Unido, un v\u00ednculo hist\u00f3ricamente atravesado por la disputa territorial. Desde el Gobierno argentino, el tema se mantiene como una prioridad diplom\u00e1tica, aunque con un enfoque alineado a la pol\u00edtica exterior del oficialismo. Analistas se\u00f1alan que el respaldo de figuras como Farage fortalece la posici\u00f3n brit\u00e1nica en el plano internacional. A su vez, la afinidad ideol\u00f3gica entre ambos dirigentes introduce un componente pol\u00edtico adicional en una cuesti\u00f3n de alta sensibilidad. El episodio refleja c\u00f3mo las relaciones personales entre l\u00edderes pueden influir en temas estructurales de la agenda internacional.<\/p>\n","protected":false},"excerpt":{"rendered":"<p>El l\u00edder de la ultraderecha brit\u00e1nica ratifica que la soberan\u00eda de las islas no est\u00e1&#8230;<\/p>\n","protected":false},"author":2,"featured_media":0,"comment_status":"open","ping_status":"open","sticky":false,"template":"","format":"standard","meta":{"footnotes":""},"categories":[1],"tags":[14],"class_list":["post-45832","post","type-post","status-publish","format-standard","hentry","category-politica","tag-politica"],"_links":{"self":[{"href":"https:\/\/tendenciaspoliticas.com\/index.php?rest_route=\/wp\/v2\/posts\/45832","targetHints":{"allow":["GET"]}}],"collection":[{"href":"https:\/\/tendenciaspoliticas.com\/index.php?rest_route=\/wp\/v2\/posts"}],"about":[{"href":"https:\/\/tendenciaspoliticas.com\/index.php?rest_route=\/wp\/v2\/types\/post"}],"author":[{"embeddable":true,"href":"https:\/\/tendenciaspoliticas.com\/index.php?rest_route=\/wp\/v2\/users\/2"}],"replies":[{"embeddable":true,"href":"https:\/\/tendenciaspoliticas.com\/index.php?rest_route=%2Fwp%2Fv2%2Fcomments&post=45832"}],"version-history":[{"count":1,"href":"https:\/\/tendenciaspoliticas.com\/index.php?rest_route=\/wp\/v2\/posts\/45832\/revisions"}],"predecessor-version":[{"id":45834,"href":"https:\/\/tendenciaspoliticas.com\/index.php?rest_route=\/wp\/v2\/posts\/45832\/revisions\/45834"}],"wp:attachment":[{"href":"https:\/\/tendenciaspoliticas.com\/index.php?rest_route=%2Fwp%2Fv2%2Fmedia&parent=45832"}],"wp:term":[{"taxonomy":"category","embeddable":true,"href":"https:\/\/tendenciaspoliticas.com\/index.php?rest_route=%2Fwp%2Fv2%2Fcategories&post=45832"},{"taxonomy":"post_tag","embeddable":true,"href":"https:\/\/tendenciaspoliticas.com\/index.php?rest_route=%2Fwp%2Fv2%2Ftags&post=45832"}],"curies":[{"name":"wp","href":"https:\/\/api.w.org\/{rel}","templated":true}]}}