{"id":45829,"date":"2026-04-27T16:33:00","date_gmt":"2026-04-27T19:33:00","guid":{"rendered":"https:\/\/tendenciaspoliticas.com\/?p=45829"},"modified":"2026-04-27T07:34:23","modified_gmt":"2026-04-27T10:34:23","slug":"el-radicalismo-propone-reformar-las-paso-sin-eliminarlas","status":"publish","type":"post","link":"https:\/\/tendenciaspoliticas.com\/?p=45829","title":{"rendered":"El radicalismo propone reformar las PASO sin eliminarlas"},"content":{"rendered":"\n<figure class=\"wp-block-image size-large\"><img loading=\"lazy\" decoding=\"async\" width=\"1024\" height=\"683\" src=\"https:\/\/tendenciaspoliticas.com\/wp-content\/uploads\/2026\/04\/image-325-1024x683.png\" alt=\"\" class=\"wp-image-45830\" srcset=\"https:\/\/tendenciaspoliticas.com\/wp-content\/uploads\/2026\/04\/image-325-1024x683.png 1024w, https:\/\/tendenciaspoliticas.com\/wp-content\/uploads\/2026\/04\/image-325-300x200.png 300w, https:\/\/tendenciaspoliticas.com\/wp-content\/uploads\/2026\/04\/image-325-768x512.png 768w, https:\/\/tendenciaspoliticas.com\/wp-content\/uploads\/2026\/04\/image-325.png 1200w\" sizes=\"auto, (max-width: 1024px) 100vw, 1024px\" \/><\/figure>\n\n\n\n<p>Senadores de la UCR impulsan un proyecto para que las primarias sean optativas, en una iniciativa que requerir\u00e1 mayor\u00eda absoluta en el Congreso.<br>El bloque de senadores de la Uni\u00f3n C\u00edvica Radical present\u00f3 un proyecto de ley para modificar el r\u00e9gimen de Primarias Abiertas, Simult\u00e1neas y Obligatorias (PASO), con el objetivo de transformarlas en una instancia optativa. La iniciativa se diferencia de otras propuestas que buscan su eliminaci\u00f3n total y plantea una alternativa intermedia en el debate electoral. Seg\u00fan explicaron los legisladores, la propuesta apunta a reducir costos y brindar mayor flexibilidad a los partidos pol\u00edticos, sin eliminar una herramienta que consideran valiosa para la competencia interna. Sin embargo, el proyecto enfrenta un desaf\u00edo significativo: para su aprobaci\u00f3n requiere mayor\u00eda absoluta en el Senado, es decir, al menos 37 votos. Esto obliga a construir consensos amplios en un contexto de fuerte fragmentaci\u00f3n pol\u00edtica. El debate sobre las PASO se reactiv\u00f3 en los \u00faltimos meses, impulsado por cuestionamientos sobre su efectividad y su impacto en el sistema electoral. Algunos sectores sostienen que las primarias generan un gasto innecesario, mientras que otros defienden su rol en la democratizaci\u00f3n de los partidos. En este escenario, la propuesta radical busca posicionarse como una opci\u00f3n de equilibrio. El tratamiento del proyecto en el Congreso ser\u00e1 clave para definir el futuro del sistema electoral argentino y las reglas de competencia pol\u00edtica.<\/p>\n","protected":false},"excerpt":{"rendered":"<p>Senadores de la UCR impulsan un proyecto para que las primarias sean optativas, en una&#8230;<\/p>\n","protected":false},"author":2,"featured_media":0,"comment_status":"open","ping_status":"open","sticky":false,"template":"","format":"standard","meta":{"footnotes":""},"categories":[1],"tags":[14],"class_list":["post-45829","post","type-post","status-publish","format-standard","hentry","category-politica","tag-politica"],"_links":{"self":[{"href":"https:\/\/tendenciaspoliticas.com\/index.php?rest_route=\/wp\/v2\/posts\/45829","targetHints":{"allow":["GET"]}}],"collection":[{"href":"https:\/\/tendenciaspoliticas.com\/index.php?rest_route=\/wp\/v2\/posts"}],"about":[{"href":"https:\/\/tendenciaspoliticas.com\/index.php?rest_route=\/wp\/v2\/types\/post"}],"author":[{"embeddable":true,"href":"https:\/\/tendenciaspoliticas.com\/index.php?rest_route=\/wp\/v2\/users\/2"}],"replies":[{"embeddable":true,"href":"https:\/\/tendenciaspoliticas.com\/index.php?rest_route=%2Fwp%2Fv2%2Fcomments&post=45829"}],"version-history":[{"count":1,"href":"https:\/\/tendenciaspoliticas.com\/index.php?rest_route=\/wp\/v2\/posts\/45829\/revisions"}],"predecessor-version":[{"id":45831,"href":"https:\/\/tendenciaspoliticas.com\/index.php?rest_route=\/wp\/v2\/posts\/45829\/revisions\/45831"}],"wp:attachment":[{"href":"https:\/\/tendenciaspoliticas.com\/index.php?rest_route=%2Fwp%2Fv2%2Fmedia&parent=45829"}],"wp:term":[{"taxonomy":"category","embeddable":true,"href":"https:\/\/tendenciaspoliticas.com\/index.php?rest_route=%2Fwp%2Fv2%2Fcategories&post=45829"},{"taxonomy":"post_tag","embeddable":true,"href":"https:\/\/tendenciaspoliticas.com\/index.php?rest_route=%2Fwp%2Fv2%2Ftags&post=45829"}],"curies":[{"name":"wp","href":"https:\/\/api.w.org\/{rel}","templated":true}]}}