{"id":45826,"date":"2026-04-27T07:33:50","date_gmt":"2026-04-27T10:33:50","guid":{"rendered":"https:\/\/tendenciaspoliticas.com\/?p=45826"},"modified":"2026-04-27T07:33:50","modified_gmt":"2026-04-27T10:33:50","slug":"maximo-kirchner-descarta-un-acuerdo-con-kicillof-y-evalua-una-candidatura-propia","status":"publish","type":"post","link":"https:\/\/tendenciaspoliticas.com\/?p=45826","title":{"rendered":"M\u00e1ximo Kirchner descarta un acuerdo con Kicillof y eval\u00faa una candidatura propia"},"content":{"rendered":"\n<figure class=\"wp-block-image size-large\"><img loading=\"lazy\" decoding=\"async\" width=\"1024\" height=\"683\" src=\"https:\/\/tendenciaspoliticas.com\/wp-content\/uploads\/2026\/04\/image-324-1024x683.png\" alt=\"\" class=\"wp-image-45827\" srcset=\"https:\/\/tendenciaspoliticas.com\/wp-content\/uploads\/2026\/04\/image-324-1024x683.png 1024w, https:\/\/tendenciaspoliticas.com\/wp-content\/uploads\/2026\/04\/image-324-300x200.png 300w, https:\/\/tendenciaspoliticas.com\/wp-content\/uploads\/2026\/04\/image-324-768x512.png 768w, https:\/\/tendenciaspoliticas.com\/wp-content\/uploads\/2026\/04\/image-324.png 1200w\" sizes=\"auto, (max-width: 1024px) 100vw, 1024px\" \/><\/figure>\n\n\n\n<p>La C\u00e1mpora rechaza un frente electoral con sectores que considera cercanos al oficialismo y deja abierto el escenario en la provincia de Buenos Aires.<br>El escenario pol\u00edtico en la provincia de Buenos Aires suma incertidumbre tras la decisi\u00f3n de M\u00e1ximo Kirchner de descartar un acuerdo electoral con el gobernador Axel Kicillof. Desde La C\u00e1mpora argumentan que no est\u00e1n dispuestos a confluir con dirigentes que, a su criterio, han colaborado con el Gobierno nacional. Esta postura profundiza la fractura dentro del peronismo bonaerense y abre la puerta a una eventual candidatura del propio Kirchner. La relaci\u00f3n entre ambos espacios atraviesa un momento de fuerte tensi\u00f3n, con diferencias estrat\u00e9gicas y pol\u00edticas que dificultan la construcci\u00f3n de una propuesta com\u00fan. En este contexto, el rechazo a un frente conjunto redefine el mapa electoral y obliga a los distintos sectores a recalcular sus movimientos. Analistas pol\u00edticos se\u00f1alan que la fragmentaci\u00f3n podr\u00eda tener impacto en el resultado de futuras elecciones, al dividir el voto opositor. A su vez, la posible candidatura de Kirchner introduce un nuevo elemento en la disputa interna, con implicancias en la distribuci\u00f3n de poder dentro del espacio. Mientras tanto, el gobernador Kicillof mantiene su propia estrategia, centrada en la gesti\u00f3n y en la construcci\u00f3n de una base pol\u00edtica aut\u00f3noma. El desenlace de esta tensi\u00f3n ser\u00e1 clave para el futuro del peronismo en la provincia y para su posicionamiento frente al oficialismo.<\/p>\n","protected":false},"excerpt":{"rendered":"<p>La C\u00e1mpora rechaza un frente electoral con sectores que considera cercanos al oficialismo y deja&#8230;<\/p>\n","protected":false},"author":2,"featured_media":0,"comment_status":"open","ping_status":"open","sticky":false,"template":"","format":"standard","meta":{"footnotes":""},"categories":[13],"tags":[14],"class_list":["post-45826","post","type-post","status-publish","format-standard","hentry","category-ultima-noticia","tag-politica"],"_links":{"self":[{"href":"https:\/\/tendenciaspoliticas.com\/index.php?rest_route=\/wp\/v2\/posts\/45826","targetHints":{"allow":["GET"]}}],"collection":[{"href":"https:\/\/tendenciaspoliticas.com\/index.php?rest_route=\/wp\/v2\/posts"}],"about":[{"href":"https:\/\/tendenciaspoliticas.com\/index.php?rest_route=\/wp\/v2\/types\/post"}],"author":[{"embeddable":true,"href":"https:\/\/tendenciaspoliticas.com\/index.php?rest_route=\/wp\/v2\/users\/2"}],"replies":[{"embeddable":true,"href":"https:\/\/tendenciaspoliticas.com\/index.php?rest_route=%2Fwp%2Fv2%2Fcomments&post=45826"}],"version-history":[{"count":1,"href":"https:\/\/tendenciaspoliticas.com\/index.php?rest_route=\/wp\/v2\/posts\/45826\/revisions"}],"predecessor-version":[{"id":45828,"href":"https:\/\/tendenciaspoliticas.com\/index.php?rest_route=\/wp\/v2\/posts\/45826\/revisions\/45828"}],"wp:attachment":[{"href":"https:\/\/tendenciaspoliticas.com\/index.php?rest_route=%2Fwp%2Fv2%2Fmedia&parent=45826"}],"wp:term":[{"taxonomy":"category","embeddable":true,"href":"https:\/\/tendenciaspoliticas.com\/index.php?rest_route=%2Fwp%2Fv2%2Fcategories&post=45826"},{"taxonomy":"post_tag","embeddable":true,"href":"https:\/\/tendenciaspoliticas.com\/index.php?rest_route=%2Fwp%2Fv2%2Ftags&post=45826"}],"curies":[{"name":"wp","href":"https:\/\/api.w.org\/{rel}","templated":true}]}}