{"id":45823,"date":"2026-04-27T07:33:17","date_gmt":"2026-04-27T10:33:17","guid":{"rendered":"https:\/\/tendenciaspoliticas.com\/?p=45823"},"modified":"2026-04-27T07:33:18","modified_gmt":"2026-04-27T10:33:18","slug":"la-interna-entre-karina-milei-y-santiago-caputo-escala-sin-definiciones","status":"publish","type":"post","link":"https:\/\/tendenciaspoliticas.com\/?p=45823","title":{"rendered":"La interna entre Karina Milei y Santiago Caputo escala sin definiciones"},"content":{"rendered":"\n<figure class=\"wp-block-image size-full is-resized\"><img loading=\"lazy\" decoding=\"async\" width=\"299\" height=\"168\" src=\"https:\/\/tendenciaspoliticas.com\/wp-content\/uploads\/2026\/04\/image-323.png\" alt=\"\" class=\"wp-image-45824\" style=\"width:790px;height:auto\"\/><\/figure>\n\n\n\n<p>Las tensiones en la c\u00fapula del Gobierno se profundizan mientras el Presidente opta por sostener a ambos dirigentes, en un equilibrio que genera incertidumbre pol\u00edtica.<br>La disputa interna entre Karina Milei y Santiago Caputo suma nuevos episodios y se consolida como uno de los principales focos de tensi\u00f3n dentro del oficialismo. Ambos actores concentran poder e influencia en \u00e1reas clave del Gobierno, lo que convierte sus diferencias en un factor relevante para la din\u00e1mica pol\u00edtica. El conflicto se intensific\u00f3 a partir de decisiones vinculadas al armado partidario y la designaci\u00f3n de cargos estrat\u00e9gicos, especialmente en lo relativo a la presentaci\u00f3n de pliegos para distintos puestos. Mientras Karina Milei avanza en la construcci\u00f3n de una estructura pol\u00edtica propia, Caputo mantiene su rol como asesor cercano al Presidente, con incidencia en la estrategia comunicacional y de gesti\u00f3n. Javier Milei, en tanto, opta por sostener a ambos, evitando tomar partido de manera expl\u00edcita. Esta postura busca preservar el equilibrio interno, aunque tambi\u00e9n prolonga una disputa que genera incertidumbre dentro del espacio. Analistas pol\u00edticos advierten que la falta de resoluci\u00f3n podr\u00eda afectar la coordinaci\u00f3n de pol\u00edticas y debilitar la capacidad de gesti\u00f3n. Adem\u00e1s, la coexistencia de l\u00edneas de poder con agendas propias plantea desaf\u00edos en la toma de decisiones estrat\u00e9gicas. En un contexto econ\u00f3mico y social complejo, la estabilidad interna aparece como un factor clave para la gobernabilidad. La evoluci\u00f3n de esta interna ser\u00e1 determinante para el rumbo pol\u00edtico del oficialismo.<\/p>\n","protected":false},"excerpt":{"rendered":"<p>Las tensiones en la c\u00fapula del Gobierno se profundizan mientras el Presidente opta por sostener&#8230;<\/p>\n","protected":false},"author":2,"featured_media":0,"comment_status":"open","ping_status":"open","sticky":false,"template":"","format":"standard","meta":{"footnotes":""},"categories":[1],"tags":[14],"class_list":["post-45823","post","type-post","status-publish","format-standard","hentry","category-politica","tag-politica"],"_links":{"self":[{"href":"https:\/\/tendenciaspoliticas.com\/index.php?rest_route=\/wp\/v2\/posts\/45823","targetHints":{"allow":["GET"]}}],"collection":[{"href":"https:\/\/tendenciaspoliticas.com\/index.php?rest_route=\/wp\/v2\/posts"}],"about":[{"href":"https:\/\/tendenciaspoliticas.com\/index.php?rest_route=\/wp\/v2\/types\/post"}],"author":[{"embeddable":true,"href":"https:\/\/tendenciaspoliticas.com\/index.php?rest_route=\/wp\/v2\/users\/2"}],"replies":[{"embeddable":true,"href":"https:\/\/tendenciaspoliticas.com\/index.php?rest_route=%2Fwp%2Fv2%2Fcomments&post=45823"}],"version-history":[{"count":1,"href":"https:\/\/tendenciaspoliticas.com\/index.php?rest_route=\/wp\/v2\/posts\/45823\/revisions"}],"predecessor-version":[{"id":45825,"href":"https:\/\/tendenciaspoliticas.com\/index.php?rest_route=\/wp\/v2\/posts\/45823\/revisions\/45825"}],"wp:attachment":[{"href":"https:\/\/tendenciaspoliticas.com\/index.php?rest_route=%2Fwp%2Fv2%2Fmedia&parent=45823"}],"wp:term":[{"taxonomy":"category","embeddable":true,"href":"https:\/\/tendenciaspoliticas.com\/index.php?rest_route=%2Fwp%2Fv2%2Fcategories&post=45823"},{"taxonomy":"post_tag","embeddable":true,"href":"https:\/\/tendenciaspoliticas.com\/index.php?rest_route=%2Fwp%2Fv2%2Ftags&post=45823"}],"curies":[{"name":"wp","href":"https:\/\/api.w.org\/{rel}","templated":true}]}}