{"id":45820,"date":"2026-04-27T07:32:43","date_gmt":"2026-04-27T10:32:43","guid":{"rendered":"https:\/\/tendenciaspoliticas.com\/?p=45820"},"modified":"2026-04-27T07:32:44","modified_gmt":"2026-04-27T10:32:44","slug":"remueven-a-un-funcionario-tras-detectar-omisiones-patrimoniales-en-el-exterior","status":"publish","type":"post","link":"https:\/\/tendenciaspoliticas.com\/?p=45820","title":{"rendered":"Remueven a un funcionario tras detectar omisiones patrimoniales en el exterior"},"content":{"rendered":"\n<figure class=\"wp-block-image size-full\"><img loading=\"lazy\" decoding=\"async\" width=\"800\" height=\"400\" src=\"https:\/\/tendenciaspoliticas.com\/wp-content\/uploads\/2026\/04\/image-322.png\" alt=\"\" class=\"wp-image-45821\" srcset=\"https:\/\/tendenciaspoliticas.com\/wp-content\/uploads\/2026\/04\/image-322.png 800w, https:\/\/tendenciaspoliticas.com\/wp-content\/uploads\/2026\/04\/image-322-300x150.png 300w, https:\/\/tendenciaspoliticas.com\/wp-content\/uploads\/2026\/04\/image-322-768x384.png 768w\" sizes=\"auto, (max-width: 800px) 100vw, 800px\" \/><\/figure>\n\n\n\n<p>El Gobierno desplaz\u00f3 a un alto funcionario luego de que se revelara que no hab\u00eda declarado propiedades en Miami ni una sociedad offshore, en un caso que vuelve a poner en foco los controles sobre la funci\u00f3n p\u00fablica.<br>La salida de un funcionario de primera l\u00ednea se concret\u00f3 tras la difusi\u00f3n de una investigaci\u00f3n que detect\u00f3 inconsistencias en su declaraci\u00f3n jurada. Seg\u00fan se inform\u00f3, el ahora exfuncionario hab\u00eda omitido declarar siete departamentos ubicados en Miami, as\u00ed como su participaci\u00f3n en una sociedad radicada en un para\u00edso fiscal. La revelaci\u00f3n gener\u00f3 un fuerte impacto pol\u00edtico y deriv\u00f3 en una r\u00e1pida decisi\u00f3n del Gobierno de apartarlo de su cargo. Desde el oficialismo se\u00f1alaron que la medida busca preservar est\u00e1ndares de transparencia, en l\u00ednea con los compromisos asumidos en materia de integridad p\u00fablica. Sin embargo, el episodio reaviv\u00f3 cuestionamientos sobre los mecanismos de control y verificaci\u00f3n de los bienes declarados por los funcionarios. Especialistas en \u00e9tica p\u00fablica destacan que las declaraciones juradas son herramientas clave para prevenir conflictos de inter\u00e9s y detectar posibles casos de enriquecimiento il\u00edcito. En ese sentido, la omisi\u00f3n de informaci\u00f3n relevante representa una falta grave que puede derivar en consecuencias legales. La oposici\u00f3n, por su parte, reclam\u00f3 explicaciones adicionales y pidi\u00f3 que se profundicen las investigaciones. El caso se produce en un contexto donde la lucha contra la corrupci\u00f3n ocupa un lugar central en el discurso oficial, lo que amplifica su impacto pol\u00edtico. A futuro, el episodio podr\u00eda impulsar reformas orientadas a fortalecer los sistemas de control patrimonial.<\/p>\n","protected":false},"excerpt":{"rendered":"<p>El Gobierno desplaz\u00f3 a un alto funcionario luego de que se revelara que no hab\u00eda&#8230;<\/p>\n","protected":false},"author":2,"featured_media":0,"comment_status":"open","ping_status":"open","sticky":false,"template":"","format":"standard","meta":{"footnotes":""},"categories":[1],"tags":[14],"class_list":["post-45820","post","type-post","status-publish","format-standard","hentry","category-politica","tag-politica"],"_links":{"self":[{"href":"https:\/\/tendenciaspoliticas.com\/index.php?rest_route=\/wp\/v2\/posts\/45820","targetHints":{"allow":["GET"]}}],"collection":[{"href":"https:\/\/tendenciaspoliticas.com\/index.php?rest_route=\/wp\/v2\/posts"}],"about":[{"href":"https:\/\/tendenciaspoliticas.com\/index.php?rest_route=\/wp\/v2\/types\/post"}],"author":[{"embeddable":true,"href":"https:\/\/tendenciaspoliticas.com\/index.php?rest_route=\/wp\/v2\/users\/2"}],"replies":[{"embeddable":true,"href":"https:\/\/tendenciaspoliticas.com\/index.php?rest_route=%2Fwp%2Fv2%2Fcomments&post=45820"}],"version-history":[{"count":1,"href":"https:\/\/tendenciaspoliticas.com\/index.php?rest_route=\/wp\/v2\/posts\/45820\/revisions"}],"predecessor-version":[{"id":45822,"href":"https:\/\/tendenciaspoliticas.com\/index.php?rest_route=\/wp\/v2\/posts\/45820\/revisions\/45822"}],"wp:attachment":[{"href":"https:\/\/tendenciaspoliticas.com\/index.php?rest_route=%2Fwp%2Fv2%2Fmedia&parent=45820"}],"wp:term":[{"taxonomy":"category","embeddable":true,"href":"https:\/\/tendenciaspoliticas.com\/index.php?rest_route=%2Fwp%2Fv2%2Fcategories&post=45820"},{"taxonomy":"post_tag","embeddable":true,"href":"https:\/\/tendenciaspoliticas.com\/index.php?rest_route=%2Fwp%2Fv2%2Ftags&post=45820"}],"curies":[{"name":"wp","href":"https:\/\/api.w.org\/{rel}","templated":true}]}}