{"id":45817,"date":"2026-04-27T07:32:05","date_gmt":"2026-04-27T10:32:05","guid":{"rendered":"https:\/\/tendenciaspoliticas.com\/?p=45817"},"modified":"2026-04-27T07:32:05","modified_gmt":"2026-04-27T10:32:05","slug":"avanza-una-ofensiva-para-cubrir-vacantes-en-la-justicia-con-aval-del-oficialismo","status":"publish","type":"post","link":"https:\/\/tendenciaspoliticas.com\/?p=45817","title":{"rendered":"Avanza una ofensiva para cubrir vacantes en la Justicia con aval del oficialismo"},"content":{"rendered":"\n<figure class=\"wp-block-image size-large\"><img loading=\"lazy\" decoding=\"async\" width=\"1024\" height=\"505\" src=\"https:\/\/tendenciaspoliticas.com\/wp-content\/uploads\/2026\/04\/image-321-1024x505.png\" alt=\"\" class=\"wp-image-45818\" srcset=\"https:\/\/tendenciaspoliticas.com\/wp-content\/uploads\/2026\/04\/image-321-1024x505.png 1024w, https:\/\/tendenciaspoliticas.com\/wp-content\/uploads\/2026\/04\/image-321-300x148.png 300w, https:\/\/tendenciaspoliticas.com\/wp-content\/uploads\/2026\/04\/image-321-768x379.png 768w, https:\/\/tendenciaspoliticas.com\/wp-content\/uploads\/2026\/04\/image-321.png 1256w\" sizes=\"auto, (max-width: 1024px) 100vw, 1024px\" \/><\/figure>\n\n\n\n<p>Sectores vinculados al kirchnerismo promueven la designaci\u00f3n de jueces y fiscales a partir de propuestas del Ministerio de Justicia, en una movida que contar\u00eda con el visto bueno de Karina Milei y que reabre el debate sobre la independencia judicial.<br>En un contexto de alta sensibilidad institucional, referentes del kirchnerismo avanzan en una estrategia orientada a cubrir vacantes en el sistema judicial con candidatos impulsados desde el Ministerio de Justicia. La iniciativa, encabezada por el ministro Juan Mart\u00edn Mahiques, tendr\u00eda adem\u00e1s el aval de Karina Milei, lo que le otorga respaldo dentro del esquema de poder del oficialismo. La propuesta apunta a acelerar el proceso de designaci\u00f3n de jueces y fiscales en cargos que permanecen sin cubrir, algunos desde hace varios a\u00f1os, lo que impacta en el funcionamiento de distintos fueros. Sin embargo, la movida genera cuestionamientos tanto en \u00e1mbitos pol\u00edticos como judiciales, donde advierten sobre el riesgo de que los nombramientos respondan a criterios partidarios antes que a par\u00e1metros t\u00e9cnicos. La discusi\u00f3n tambi\u00e9n se inscribe en un escenario de tensi\u00f3n entre oficialismo y oposici\u00f3n, con acusaciones cruzadas sobre intentos de influir en la Justicia. Desde sectores cr\u00edticos se\u00f1alan que este tipo de iniciativas podr\u00eda afectar la independencia de los magistrados y condicionar el avance de causas sensibles. En paralelo, especialistas en derecho institucional subrayan la necesidad de fortalecer los mecanismos de selecci\u00f3n y garantizar procesos transparentes. El avance de esta agenda podr\u00eda tener implicancias de largo plazo en el equi<\/p>\n","protected":false},"excerpt":{"rendered":"<p>Sectores vinculados al kirchnerismo promueven la designaci\u00f3n de jueces y fiscales a partir de propuestas&#8230;<\/p>\n","protected":false},"author":2,"featured_media":0,"comment_status":"open","ping_status":"open","sticky":false,"template":"","format":"standard","meta":{"footnotes":""},"categories":[13],"tags":[29],"class_list":["post-45817","post","type-post","status-publish","format-standard","hentry","category-ultima-noticia","tag-judiciales"],"_links":{"self":[{"href":"https:\/\/tendenciaspoliticas.com\/index.php?rest_route=\/wp\/v2\/posts\/45817","targetHints":{"allow":["GET"]}}],"collection":[{"href":"https:\/\/tendenciaspoliticas.com\/index.php?rest_route=\/wp\/v2\/posts"}],"about":[{"href":"https:\/\/tendenciaspoliticas.com\/index.php?rest_route=\/wp\/v2\/types\/post"}],"author":[{"embeddable":true,"href":"https:\/\/tendenciaspoliticas.com\/index.php?rest_route=\/wp\/v2\/users\/2"}],"replies":[{"embeddable":true,"href":"https:\/\/tendenciaspoliticas.com\/index.php?rest_route=%2Fwp%2Fv2%2Fcomments&post=45817"}],"version-history":[{"count":1,"href":"https:\/\/tendenciaspoliticas.com\/index.php?rest_route=\/wp\/v2\/posts\/45817\/revisions"}],"predecessor-version":[{"id":45819,"href":"https:\/\/tendenciaspoliticas.com\/index.php?rest_route=\/wp\/v2\/posts\/45817\/revisions\/45819"}],"wp:attachment":[{"href":"https:\/\/tendenciaspoliticas.com\/index.php?rest_route=%2Fwp%2Fv2%2Fmedia&parent=45817"}],"wp:term":[{"taxonomy":"category","embeddable":true,"href":"https:\/\/tendenciaspoliticas.com\/index.php?rest_route=%2Fwp%2Fv2%2Fcategories&post=45817"},{"taxonomy":"post_tag","embeddable":true,"href":"https:\/\/tendenciaspoliticas.com\/index.php?rest_route=%2Fwp%2Fv2%2Ftags&post=45817"}],"curies":[{"name":"wp","href":"https:\/\/api.w.org\/{rel}","templated":true}]}}