{"id":44332,"date":"2026-03-16T16:15:00","date_gmt":"2026-03-16T19:15:00","guid":{"rendered":"https:\/\/tendenciaspoliticas.com\/?p=44332"},"modified":"2026-03-16T07:16:02","modified_gmt":"2026-03-16T10:16:02","slug":"por-que-las-legumbres-deberian-estar-mas-presentes-en-la-dieta","status":"publish","type":"post","link":"https:\/\/tendenciaspoliticas.com\/?p=44332","title":{"rendered":"Por qu\u00e9 las legumbres deber\u00edan estar m\u00e1s presentes en la dieta"},"content":{"rendered":"\n<p><strong>Especialistas recomiendan consumirlas varias veces por semana por su aporte de prote\u00ednas vegetales, fibra y nutrientes esenciales, adem\u00e1s de su bajo costo y versatilidad en la cocina.<\/strong><\/p>\n\n\n\n<figure class=\"wp-block-image size-full\"><img loading=\"lazy\" decoding=\"async\" width=\"420\" height=\"280\" src=\"https:\/\/tendenciaspoliticas.com\/wp-content\/uploads\/2026\/03\/image-217.png\" alt=\"\" class=\"wp-image-44333\" srcset=\"https:\/\/tendenciaspoliticas.com\/wp-content\/uploads\/2026\/03\/image-217.png 420w, https:\/\/tendenciaspoliticas.com\/wp-content\/uploads\/2026\/03\/image-217-300x200.png 300w\" sizes=\"auto, (max-width: 420px) 100vw, 420px\" \/><\/figure>\n\n\n\n<p>Las legumbres \u2014como lentejas, garbanzos y porotos\u2014 son uno de los alimentos m\u00e1s completos desde el punto de vista nutricional, pero todav\u00eda ocupan un lugar secundario en muchas dietas. Nutricionistas coinciden en que incorporarlas al menos dos o tres veces por semana puede mejorar la calidad de la alimentaci\u00f3n y favorecer la salud metab\u00f3lica.<\/p>\n\n\n\n<p>El inter\u00e9s por una alimentaci\u00f3n basada en productos naturales volvi\u00f3 a instalarse con fuerza en distintos pa\u00edses, en l\u00ednea con las recomendaciones de privilegiar alimentos integrales y reducir el consumo de ultraprocesados. En ese contexto, las legumbres aparecen como una alternativa accesible y nutritiva.<\/p>\n\n\n\n<p>Seg\u00fan especialistas en nutrici\u00f3n, su valor principal radica en que combinan carbohidratos de buena calidad con altos niveles de fibra y prote\u00ednas vegetales. Esa composici\u00f3n favorece una digesti\u00f3n m\u00e1s lenta, genera mayor sensaci\u00f3n de saciedad y ayuda a evitar picos de glucosa en sangre. Por ese motivo, su consumo puede resultar especialmente beneficioso para personas con diabetes, insulinorresistencia o quienes buscan controlar el peso.<\/p>\n\n\n\n<p>Adem\u00e1s, aportan minerales como hierro, magnesio, zinc y potasio, junto con vitaminas del complejo B. Aunque sus prote\u00ednas son consideradas \u201cincompletas\u201d, pueden complementarse f\u00e1cilmente con cereales \u2014como arroz o trigo\u2014 o con frutos secos, lo que permite obtener un perfil m\u00e1s completo de amino\u00e1cidos.<\/p>\n\n\n\n<p>Los especialistas sugieren integrarlas tanto en platos vegetarianos como en comidas que ya incluyan prote\u00ednas animales. Por ejemplo, reemplazar parte de la carne o el pollo por una porci\u00f3n de legumbres puede mantener el aporte proteico del plato y aumentar su contenido de fibra.<\/p>\n\n\n\n<p>Tambi\u00e9n contribuyen al equilibrio de la microbiota intestinal, ya que contienen un tipo de fibra que alimenta las bacterias beneficiosas del intestino. Para evitar molestias digestivas, se recomienda incorporarlas gradualmente y en peque\u00f1as cantidades.<\/p>\n\n\n\n<p>Una forma sencilla de empezar es agregarlas a preparaciones habituales: sumar lentejas al arroz, incluir garbanzos en ensaladas o a\u00f1adir porotos a salteados de vegetales. Con peque\u00f1as incorporaciones, es posible aprovechar sus beneficios sin modificar dr\u00e1sticamente la dieta cotidiana.<\/p>\n","protected":false},"excerpt":{"rendered":"<p>Especialistas recomiendan consumirlas varias veces por semana por su aporte de prote\u00ednas vegetales, fibra y&#8230;<\/p>\n","protected":false},"author":2,"featured_media":0,"comment_status":"open","ping_status":"open","sticky":false,"template":"","format":"standard","meta":{"footnotes":""},"categories":[40,13],"tags":[39],"class_list":["post-44332","post","type-post","status-publish","format-standard","hentry","category-sociedad","category-ultima-noticia","tag-sociedad"],"_links":{"self":[{"href":"https:\/\/tendenciaspoliticas.com\/index.php?rest_route=\/wp\/v2\/posts\/44332","targetHints":{"allow":["GET"]}}],"collection":[{"href":"https:\/\/tendenciaspoliticas.com\/index.php?rest_route=\/wp\/v2\/posts"}],"about":[{"href":"https:\/\/tendenciaspoliticas.com\/index.php?rest_route=\/wp\/v2\/types\/post"}],"author":[{"embeddable":true,"href":"https:\/\/tendenciaspoliticas.com\/index.php?rest_route=\/wp\/v2\/users\/2"}],"replies":[{"embeddable":true,"href":"https:\/\/tendenciaspoliticas.com\/index.php?rest_route=%2Fwp%2Fv2%2Fcomments&post=44332"}],"version-history":[{"count":1,"href":"https:\/\/tendenciaspoliticas.com\/index.php?rest_route=\/wp\/v2\/posts\/44332\/revisions"}],"predecessor-version":[{"id":44334,"href":"https:\/\/tendenciaspoliticas.com\/index.php?rest_route=\/wp\/v2\/posts\/44332\/revisions\/44334"}],"wp:attachment":[{"href":"https:\/\/tendenciaspoliticas.com\/index.php?rest_route=%2Fwp%2Fv2%2Fmedia&parent=44332"}],"wp:term":[{"taxonomy":"category","embeddable":true,"href":"https:\/\/tendenciaspoliticas.com\/index.php?rest_route=%2Fwp%2Fv2%2Fcategories&post=44332"},{"taxonomy":"post_tag","embeddable":true,"href":"https:\/\/tendenciaspoliticas.com\/index.php?rest_route=%2Fwp%2Fv2%2Ftags&post=44332"}],"curies":[{"name":"wp","href":"https:\/\/api.w.org\/{rel}","templated":true}]}}