{"id":44322,"date":"2026-03-16T07:09:36","date_gmt":"2026-03-16T10:09:36","guid":{"rendered":"https:\/\/tendenciaspoliticas.com\/?p=44322"},"modified":"2026-03-16T07:09:37","modified_gmt":"2026-03-16T10:09:37","slug":"escala-el-conflicto-en-medio-oriente-con-nuevos-ataques-entre-iran-israel-y-ee-uu","status":"publish","type":"post","link":"https:\/\/tendenciaspoliticas.com\/?p=44322","title":{"rendered":"Escala el conflicto en Medio Oriente con nuevos ataques entre Ir\u00e1n, Israel y EE.UU."},"content":{"rendered":"\n<p><strong>Bombardeos cruzados durante la madrugada del domingo alcanzaron objetivos militares en Ir\u00e1n, Israel y bases estadounidenses en pa\u00edses \u00e1rabes, en medio de temores por una guerra prolongada.<\/strong><\/p>\n\n\n\n<figure class=\"wp-block-image size-full\"><img loading=\"lazy\" decoding=\"async\" width=\"709\" height=\"419\" src=\"https:\/\/tendenciaspoliticas.com\/wp-content\/uploads\/2026\/03\/image-214.png\" alt=\"\" class=\"wp-image-44323\" srcset=\"https:\/\/tendenciaspoliticas.com\/wp-content\/uploads\/2026\/03\/image-214.png 709w, https:\/\/tendenciaspoliticas.com\/wp-content\/uploads\/2026\/03\/image-214-300x177.png 300w\" sizes=\"auto, (max-width: 709px) 100vw, 709px\" \/><\/figure>\n\n\n\n<p>La guerra en Medio Oriente volvi\u00f3 a intensificarse con una nueva ola de ataques durante la madrugada del domingo, en la que Israel lanz\u00f3 bombardeos contra objetivos en territorio iran\u00ed mientras Ir\u00e1n respondi\u00f3 con ataques dirigidos a blancos israel\u00edes y a instalaciones vinculadas a Estados Unidos en la regi\u00f3n.<\/p>\n\n\n\n<p>Las fuerzas israel\u00edes concentraron sus operaciones en el oeste de Ir\u00e1n, donde atacaron principalmente lanzaderas de misiles y otras instalaciones militares vinculadas a la infraestructura estrat\u00e9gica del r\u00e9gimen. A diferencia de jornadas anteriores, los bombardeos no se enfocaron en la capital, Teher\u00e1n, sino en posiciones consideradas clave para la capacidad ofensiva iran\u00ed.<\/p>\n\n\n\n<p>En respuesta, Ir\u00e1n lanz\u00f3 ataques contra objetivos israel\u00edes y contra bases estadounidenses ubicadas en distintos pa\u00edses \u00e1rabes, entre ellos Emiratos \u00c1rabes Unidos. Desde Teher\u00e1n sostienen que esas instalaciones son utilizadas por Washington para apoyar operaciones militares contra el pa\u00eds.<\/p>\n\n\n\n<p>La escalada tambi\u00e9n incluy\u00f3 amenazas directas contra el primer ministro israel\u00ed, Benjamin Netanyahu, por parte del gobierno iran\u00ed. Mientras tanto, Estados Unidos, Israel e Ir\u00e1n coinciden en que el conflicto podr\u00eda prolongarse durante varias semanas, lo que aumenta la preocupaci\u00f3n internacional por una eventual guerra de mayor duraci\u00f3n.<\/p>\n\n\n\n<p>El impacto econ\u00f3mico del enfrentamiento tambi\u00e9n genera inquietud en los mercados globales. Desde el inicio de la crisis, el precio del petr\u00f3leo subi\u00f3 alrededor de 40%, en parte por el control iran\u00ed del estrecho de Ormuz, un paso estrat\u00e9gico por el que circula m\u00e1s del 20% del crudo que se consume en el mundo.<\/p>\n\n\n\n<p>En medio de la tensi\u00f3n, el presidente estadounidense Donald Trump asegur\u00f3 que Ir\u00e1n habr\u00eda planteado la posibilidad de negociar, aunque afirm\u00f3 que las condiciones ofrecidas no son aceptables para Washington. Desde Teher\u00e1n, sin embargo, el canciller Abbas Araghchi neg\u00f3 que su pa\u00eds haya propuesto un alto el fuego o iniciado conversaciones para poner fin al conflicto.<\/p>\n\n\n\n<p><\/p>\n","protected":false},"excerpt":{"rendered":"<p>Bombardeos cruzados durante la madrugada del domingo alcanzaron objetivos militares en Ir\u00e1n, Israel y bases&#8230;<\/p>\n","protected":false},"author":2,"featured_media":0,"comment_status":"open","ping_status":"open","sticky":false,"template":"","format":"standard","meta":{"footnotes":""},"categories":[11,13],"tags":[16],"class_list":["post-44322","post","type-post","status-publish","format-standard","hentry","category-internacionales","category-ultima-noticia","tag-internacionales"],"_links":{"self":[{"href":"https:\/\/tendenciaspoliticas.com\/index.php?rest_route=\/wp\/v2\/posts\/44322","targetHints":{"allow":["GET"]}}],"collection":[{"href":"https:\/\/tendenciaspoliticas.com\/index.php?rest_route=\/wp\/v2\/posts"}],"about":[{"href":"https:\/\/tendenciaspoliticas.com\/index.php?rest_route=\/wp\/v2\/types\/post"}],"author":[{"embeddable":true,"href":"https:\/\/tendenciaspoliticas.com\/index.php?rest_route=\/wp\/v2\/users\/2"}],"replies":[{"embeddable":true,"href":"https:\/\/tendenciaspoliticas.com\/index.php?rest_route=%2Fwp%2Fv2%2Fcomments&post=44322"}],"version-history":[{"count":1,"href":"https:\/\/tendenciaspoliticas.com\/index.php?rest_route=\/wp\/v2\/posts\/44322\/revisions"}],"predecessor-version":[{"id":44324,"href":"https:\/\/tendenciaspoliticas.com\/index.php?rest_route=\/wp\/v2\/posts\/44322\/revisions\/44324"}],"wp:attachment":[{"href":"https:\/\/tendenciaspoliticas.com\/index.php?rest_route=%2Fwp%2Fv2%2Fmedia&parent=44322"}],"wp:term":[{"taxonomy":"category","embeddable":true,"href":"https:\/\/tendenciaspoliticas.com\/index.php?rest_route=%2Fwp%2Fv2%2Fcategories&post=44322"},{"taxonomy":"post_tag","embeddable":true,"href":"https:\/\/tendenciaspoliticas.com\/index.php?rest_route=%2Fwp%2Fv2%2Ftags&post=44322"}],"curies":[{"name":"wp","href":"https:\/\/api.w.org\/{rel}","templated":true}]}}