{"id":44319,"date":"2026-03-16T07:08:17","date_gmt":"2026-03-16T10:08:17","guid":{"rendered":"https:\/\/tendenciaspoliticas.com\/?p=44319"},"modified":"2026-03-16T07:08:17","modified_gmt":"2026-03-16T10:08:17","slug":"el-empleo-privado-cayo-en-casi-190-000-puestos-en-dos-anos-incluso-en-sectores-que-crecieron","status":"publish","type":"post","link":"https:\/\/tendenciaspoliticas.com\/?p=44319","title":{"rendered":"El empleo privado cay\u00f3 en casi 190.000 puestos en dos a\u00f1os, incluso en sectores que crecieron"},"content":{"rendered":"\n<p><strong>Un informe oficial revela que actividades como miner\u00eda y banca redujeron personal mientras la industria y la construcci\u00f3n encabezaron las mayores p\u00e9rdidas de empleo.<\/strong><\/p>\n\n\n\n<figure class=\"wp-block-image size-full\"><img loading=\"lazy\" decoding=\"async\" width=\"1024\" height=\"681\" src=\"https:\/\/tendenciaspoliticas.com\/wp-content\/uploads\/2026\/03\/image-213.png\" alt=\"\" class=\"wp-image-44320\" srcset=\"https:\/\/tendenciaspoliticas.com\/wp-content\/uploads\/2026\/03\/image-213.png 1024w, https:\/\/tendenciaspoliticas.com\/wp-content\/uploads\/2026\/03\/image-213-300x200.png 300w, https:\/\/tendenciaspoliticas.com\/wp-content\/uploads\/2026\/03\/image-213-768x511.png 768w\" sizes=\"auto, (max-width: 1024px) 100vw, 1024px\" \/><\/figure>\n\n\n\n<p>El empleo asalariado en el sector privado registr\u00f3 una ca\u00edda de casi 190.000 puestos en los \u00faltimos dos a\u00f1os, seg\u00fan datos de la Secretar\u00eda de Trabajo. El informe muestra que incluso algunas actividades que tuvieron crecimiento econ\u00f3mico no lograron generar m\u00e1s empleo e, incluso, redujeron su dotaci\u00f3n de personal.<\/p>\n\n\n\n<p>De acuerdo con las estad\u00edsticas oficiales, en diciembre de 2025 el sector privado contaba con 6.171.100 trabajadores registrados, mientras que en el mismo mes de 2023 hab\u00eda 6.360.948. La diferencia representa una reducci\u00f3n de 189.845 empleos formales.<\/p>\n\n\n\n<p>Entre los sectores m\u00e1s afectados se encuentra la industria manufacturera, que perdi\u00f3 63.902 puestos de trabajo en ese per\u00edodo. La construcci\u00f3n aparece en segundo lugar con una baja de 48.671 empleos, reflejando el impacto de la ca\u00edda de la actividad en ambas \u00e1reas productivas.<\/p>\n\n\n\n<p>El informe tambi\u00e9n muestra que algunas actividades que registraron crecimiento econ\u00f3mico tampoco lograron expandir el empleo. En agricultura, ganader\u00eda y silvicultura se crearon apenas 3.583 puestos en dos a\u00f1os, mientras que la intermediaci\u00f3n financiera redujo su personal en 5.059 trabajadores.<\/p>\n\n\n\n<p>Algo similar ocurri\u00f3 en la explotaci\u00f3n de minas y canteras, que pas\u00f3 de 94.854 trabajadores a 86.066, lo que representa una reducci\u00f3n de 8.788 empleos. En transporte, almacenamiento y comunicaciones tambi\u00e9n se registr\u00f3 una ca\u00edda, con casi 18.000 puestos menos.<\/p>\n\n\n\n<p>La Secretar\u00eda de Trabajo se\u00f1ala que la destrucci\u00f3n neta de empleo comenz\u00f3 a partir de septiembre de 2023 y se profundiz\u00f3 durante los primeros meses de 2024. Luego se registr\u00f3 una breve recuperaci\u00f3n hacia fines de ese a\u00f1o, pero la tendencia volvi\u00f3 a revertirse durante 2025.<\/p>\n\n\n\n<p>En comparaci\u00f3n con diciembre de 2024, el empleo asalariado privado se redujo en 88.800 personas durante el \u00faltimo a\u00f1o. La industria continu\u00f3 siendo uno de los sectores m\u00e1s afectados, con casi 39.000 trabajadores menos en ese per\u00edodo. Seg\u00fan el informe, la contracci\u00f3n reciente estuvo impulsada principalmente por las actividades vinculadas a la producci\u00f3n de bienes, mientras que algunos sectores de servicios mostraron mayor estabilidad.<\/p>\n","protected":false},"excerpt":{"rendered":"<p>Un informe oficial revela que actividades como miner\u00eda y banca redujeron personal mientras la industria&#8230;<\/p>\n","protected":false},"author":2,"featured_media":0,"comment_status":"open","ping_status":"open","sticky":false,"template":"","format":"standard","meta":{"footnotes":""},"categories":[10,13],"tags":[15],"class_list":["post-44319","post","type-post","status-publish","format-standard","hentry","category-economia","category-ultima-noticia","tag-economia"],"_links":{"self":[{"href":"https:\/\/tendenciaspoliticas.com\/index.php?rest_route=\/wp\/v2\/posts\/44319","targetHints":{"allow":["GET"]}}],"collection":[{"href":"https:\/\/tendenciaspoliticas.com\/index.php?rest_route=\/wp\/v2\/posts"}],"about":[{"href":"https:\/\/tendenciaspoliticas.com\/index.php?rest_route=\/wp\/v2\/types\/post"}],"author":[{"embeddable":true,"href":"https:\/\/tendenciaspoliticas.com\/index.php?rest_route=\/wp\/v2\/users\/2"}],"replies":[{"embeddable":true,"href":"https:\/\/tendenciaspoliticas.com\/index.php?rest_route=%2Fwp%2Fv2%2Fcomments&post=44319"}],"version-history":[{"count":1,"href":"https:\/\/tendenciaspoliticas.com\/index.php?rest_route=\/wp\/v2\/posts\/44319\/revisions"}],"predecessor-version":[{"id":44321,"href":"https:\/\/tendenciaspoliticas.com\/index.php?rest_route=\/wp\/v2\/posts\/44319\/revisions\/44321"}],"wp:attachment":[{"href":"https:\/\/tendenciaspoliticas.com\/index.php?rest_route=%2Fwp%2Fv2%2Fmedia&parent=44319"}],"wp:term":[{"taxonomy":"category","embeddable":true,"href":"https:\/\/tendenciaspoliticas.com\/index.php?rest_route=%2Fwp%2Fv2%2Fcategories&post=44319"},{"taxonomy":"post_tag","embeddable":true,"href":"https:\/\/tendenciaspoliticas.com\/index.php?rest_route=%2Fwp%2Fv2%2Ftags&post=44319"}],"curies":[{"name":"wp","href":"https:\/\/api.w.org\/{rel}","templated":true}]}}