{"id":44313,"date":"2026-03-16T17:05:00","date_gmt":"2026-03-16T20:05:00","guid":{"rendered":"https:\/\/tendenciaspoliticas.com\/?p=44313"},"modified":"2026-03-16T07:06:25","modified_gmt":"2026-03-16T10:06:25","slug":"polemica-en-diputados-por-las-audiencias-publicas-de-la-reforma-de-la-ley-de-glaciares","status":"publish","type":"post","link":"https:\/\/tendenciaspoliticas.com\/?p=44313","title":{"rendered":"Pol\u00e9mica en Diputados por las audiencias p\u00fablicas de la reforma de la Ley de Glaciares"},"content":{"rendered":"\n<p><strong>M\u00e1s de 50.000 personas se anotaron para participar del debate y el oficialismo limit\u00f3 las exposiciones presenciales, lo que gener\u00f3 fuertes cr\u00edticas de la oposici\u00f3n.<\/strong><\/p>\n\n\n\n<figure class=\"wp-block-image size-full\"><img loading=\"lazy\" decoding=\"async\" width=\"375\" height=\"211\" src=\"https:\/\/tendenciaspoliticas.com\/wp-content\/uploads\/2026\/03\/image-211.png\" alt=\"\" class=\"wp-image-44314\" srcset=\"https:\/\/tendenciaspoliticas.com\/wp-content\/uploads\/2026\/03\/image-211.png 375w, https:\/\/tendenciaspoliticas.com\/wp-content\/uploads\/2026\/03\/image-211-300x169.png 300w\" sizes=\"auto, (max-width: 375px) 100vw, 375px\" \/><\/figure>\n\n\n\n<p>La reforma de la Ley de Glaciares que ya cuenta con media sanci\u00f3n del Senado gener\u00f3 una fuerte disputa pol\u00edtica en la C\u00e1mara de Diputados. A pocos d\u00edas de las audiencias p\u00fablicas previstas para el 25 y 26 de marzo, ya se registraron m\u00e1s de 50.000 inscriptos para participar del debate.<\/p>\n\n\n\n<p>Ante ese volumen de solicitudes, el oficialismo decidi\u00f3 restringir las exposiciones presenciales y virtuales. Los presidentes de las comisiones de Recursos Naturales y Asuntos Constitucionales comunicaron que s\u00f3lo podr\u00e1n intervenir en vivo los primeros inscriptos de cada jurisdicci\u00f3n, mientras que el resto deber\u00e1 enviar sus aportes por escrito o en videos de hasta cinco minutos.<\/p>\n\n\n\n<p>Desde el oficialismo argumentan que la cantidad de inscripciones vuelve imposible escuchar a todos los participantes dentro de un plazo razonable. Tambi\u00e9n sostienen que la convocatoria masiva forma parte de una estrategia de sectores opositores para dilatar el tratamiento de la iniciativa.<\/p>\n\n\n\n<p>La oposici\u00f3n, en cambio, denunci\u00f3 que la medida altera las condiciones originales de la audiencia p\u00fablica y limita la participaci\u00f3n ciudadana. Legisladores de distintos bloques afirmaron que la modalidad de participaci\u00f3n deb\u00eda definirse antes de abrir la inscripci\u00f3n y reclamaron extender las jornadas para permitir m\u00e1s intervenciones.<\/p>\n\n\n\n<p>El proyecto en discusi\u00f3n propone modificar los criterios de protecci\u00f3n establecidos en la ley vigente. Mientras la normativa actual protege todos los glaciares y el ambiente periglacial, la reforma plantea que s\u00f3lo queden bajo resguardo estricto aquellos que tengan un aporte h\u00eddrico relevante y comprobable para las cuencas.<\/p>\n\n\n\n<p>Adem\u00e1s, la iniciativa otorga mayor participaci\u00f3n a las provincias en la elaboraci\u00f3n del inventario de glaciares. El oficialismo defiende ese cambio al se\u00f1alar que la Constituci\u00f3n reconoce a las provincias como propietarias de los recursos naturales. Sin embargo, organizaciones ambientalistas anticiparon que la reforma podr\u00eda derivar en presentaciones judiciales por considerar que implicar\u00eda una reducci\u00f3n en los est\u00e1ndares de protecci\u00f3n ambiental.<\/p>\n","protected":false},"excerpt":{"rendered":"<p>M\u00e1s de 50.000 personas se anotaron para participar del debate y el oficialismo limit\u00f3 las&#8230;<\/p>\n","protected":false},"author":2,"featured_media":0,"comment_status":"open","ping_status":"open","sticky":false,"template":"","format":"standard","meta":{"footnotes":""},"categories":[13],"tags":[14],"class_list":["post-44313","post","type-post","status-publish","format-standard","hentry","category-ultima-noticia","tag-politica"],"_links":{"self":[{"href":"https:\/\/tendenciaspoliticas.com\/index.php?rest_route=\/wp\/v2\/posts\/44313","targetHints":{"allow":["GET"]}}],"collection":[{"href":"https:\/\/tendenciaspoliticas.com\/index.php?rest_route=\/wp\/v2\/posts"}],"about":[{"href":"https:\/\/tendenciaspoliticas.com\/index.php?rest_route=\/wp\/v2\/types\/post"}],"author":[{"embeddable":true,"href":"https:\/\/tendenciaspoliticas.com\/index.php?rest_route=\/wp\/v2\/users\/2"}],"replies":[{"embeddable":true,"href":"https:\/\/tendenciaspoliticas.com\/index.php?rest_route=%2Fwp%2Fv2%2Fcomments&post=44313"}],"version-history":[{"count":1,"href":"https:\/\/tendenciaspoliticas.com\/index.php?rest_route=\/wp\/v2\/posts\/44313\/revisions"}],"predecessor-version":[{"id":44315,"href":"https:\/\/tendenciaspoliticas.com\/index.php?rest_route=\/wp\/v2\/posts\/44313\/revisions\/44315"}],"wp:attachment":[{"href":"https:\/\/tendenciaspoliticas.com\/index.php?rest_route=%2Fwp%2Fv2%2Fmedia&parent=44313"}],"wp:term":[{"taxonomy":"category","embeddable":true,"href":"https:\/\/tendenciaspoliticas.com\/index.php?rest_route=%2Fwp%2Fv2%2Fcategories&post=44313"},{"taxonomy":"post_tag","embeddable":true,"href":"https:\/\/tendenciaspoliticas.com\/index.php?rest_route=%2Fwp%2Fv2%2Ftags&post=44313"}],"curies":[{"name":"wp","href":"https:\/\/api.w.org\/{rel}","templated":true}]}}