{"id":44308,"date":"2026-03-16T07:04:39","date_gmt":"2026-03-16T10:04:39","guid":{"rendered":"https:\/\/tendenciaspoliticas.com\/?p=44308"},"modified":"2026-03-16T07:04:39","modified_gmt":"2026-03-16T10:04:39","slug":"kicillof-se-impone-en-la-mayoria-de-las-internas-del-pj-bonaerense-y-marca-ventaja-sobre-la-campora","status":"publish","type":"post","link":"https:\/\/tendenciaspoliticas.com\/?p=44308","title":{"rendered":"Kicillof se impone en la mayor\u00eda de las internas del PJ bonaerense y marca ventaja sobre La C\u00e1mpora"},"content":{"rendered":"\n<figure class=\"wp-block-image size-full\"><img loading=\"lazy\" decoding=\"async\" width=\"338\" height=\"191\" src=\"https:\/\/tendenciaspoliticas.com\/wp-content\/uploads\/2026\/03\/image-210.png\" alt=\"\" class=\"wp-image-44309\" srcset=\"https:\/\/tendenciaspoliticas.com\/wp-content\/uploads\/2026\/03\/image-210.png 338w, https:\/\/tendenciaspoliticas.com\/wp-content\/uploads\/2026\/03\/image-210-300x170.png 300w\" sizes=\"auto, (max-width: 338px) 100vw, 338px\" \/><\/figure>\n\n\n\n<p><strong>El sector del gobernador gan\u00f3 en 10 de los 16 distritos donde hubo competencia partidaria. El kirchnerismo se qued\u00f3 con cuatro y el massismo con dos.<\/strong><\/p>\n\n\n\n<p>Las elecciones internas del Partido Justicialista bonaerense en los distritos donde no se replic\u00f3 el acuerdo provincial dejaron un resultado favorable al sector del gobernador Axel Kicillof. En los 16 municipios en los que hubo competencia, el espacio alineado con el mandatario provincial obtuvo 10 triunfos, mientras que La C\u00e1mpora se impuso en cuatro y el Frente Renovador en dos.<\/p>\n\n\n\n<p>Uno de los resultados m\u00e1s significativos se dio en Mor\u00f3n, el \u00fanico distrito gobernado por el peronismo donde hubo interna. All\u00ed el intendente Lucas Ghi, cercano a Kicillof, se impuso en la disputa contra Mart\u00edn Sabbatella, su ex aliado pol\u00edtico. Aunque ambos pertenecen a Nuevo Encuentro, la competencia defin\u00eda la conducci\u00f3n del PJ local.<\/p>\n\n\n\n<p>Desde el kirchnerismo destacaron especialmente la victoria en Mar del Plata, el distrito con mayor cantidad de afiliados, donde el dirigente sindical Daniel Di Bartolo derrot\u00f3 a Adriana Donzelli, alineada con el sector del gobernador. Tambi\u00e9n celebraron triunfos en Tres de Febrero, Coronel Su\u00e1rez y Magdalena.<\/p>\n\n\n\n<p>El espacio vinculado a Kicillof, nucleado en el Movimiento Derecho al Futuro, consigui\u00f3 adem\u00e1s imponerse en San Nicol\u00e1s, Balcarce, San Antonio de Areco, Lincoln, Lober\u00eda, Roque P\u00e9rez, Saladillo y Z\u00e1rate, entre otros distritos.<\/p>\n\n\n\n<p>Por su parte, el Frente Renovador logr\u00f3 quedarse con la conducci\u00f3n partidaria en Jun\u00edn y Tornquist, sumando presencia propia dentro del mapa interno del peronismo bonaerense.<\/p>\n\n\n\n<p>Las internas se realizaron en paralelo al proceso de renovaci\u00f3n de autoridades del PJ provincial, que tendr\u00e1 a Kicillof como nuevo presidente del partido en la provincia de Buenos Aires. Tras la jornada electoral, el gobernador convocar\u00e1 en los pr\u00f3ximos d\u00edas a una reuni\u00f3n del consejo partidario con representantes de los 135 distritos para iniciar la nueva etapa de conducci\u00f3n.<\/p>\n","protected":false},"excerpt":{"rendered":"<p>El sector del gobernador gan\u00f3 en 10 de los 16 distritos donde hubo competencia partidaria&#8230;.<\/p>\n","protected":false},"author":2,"featured_media":0,"comment_status":"open","ping_status":"open","sticky":false,"template":"","format":"standard","meta":{"footnotes":""},"categories":[13],"tags":[14],"class_list":["post-44308","post","type-post","status-publish","format-standard","hentry","category-ultima-noticia","tag-politica"],"_links":{"self":[{"href":"https:\/\/tendenciaspoliticas.com\/index.php?rest_route=\/wp\/v2\/posts\/44308","targetHints":{"allow":["GET"]}}],"collection":[{"href":"https:\/\/tendenciaspoliticas.com\/index.php?rest_route=\/wp\/v2\/posts"}],"about":[{"href":"https:\/\/tendenciaspoliticas.com\/index.php?rest_route=\/wp\/v2\/types\/post"}],"author":[{"embeddable":true,"href":"https:\/\/tendenciaspoliticas.com\/index.php?rest_route=\/wp\/v2\/users\/2"}],"replies":[{"embeddable":true,"href":"https:\/\/tendenciaspoliticas.com\/index.php?rest_route=%2Fwp%2Fv2%2Fcomments&post=44308"}],"version-history":[{"count":1,"href":"https:\/\/tendenciaspoliticas.com\/index.php?rest_route=\/wp\/v2\/posts\/44308\/revisions"}],"predecessor-version":[{"id":44310,"href":"https:\/\/tendenciaspoliticas.com\/index.php?rest_route=\/wp\/v2\/posts\/44308\/revisions\/44310"}],"wp:attachment":[{"href":"https:\/\/tendenciaspoliticas.com\/index.php?rest_route=%2Fwp%2Fv2%2Fmedia&parent=44308"}],"wp:term":[{"taxonomy":"category","embeddable":true,"href":"https:\/\/tendenciaspoliticas.com\/index.php?rest_route=%2Fwp%2Fv2%2Fcategories&post=44308"},{"taxonomy":"post_tag","embeddable":true,"href":"https:\/\/tendenciaspoliticas.com\/index.php?rest_route=%2Fwp%2Fv2%2Ftags&post=44308"}],"curies":[{"name":"wp","href":"https:\/\/api.w.org\/{rel}","templated":true}]}}