{"id":44305,"date":"2026-03-16T17:00:00","date_gmt":"2026-03-16T20:00:00","guid":{"rendered":"https:\/\/tendenciaspoliticas.com\/?p=44305"},"modified":"2026-03-16T07:03:37","modified_gmt":"2026-03-16T10:03:37","slug":"cristina-kirchner-declara-en-el-juicio-por-el-caso-cuadernos-y-enfrenta-acusaciones-de-asociacion-ilicita","status":"publish","type":"post","link":"https:\/\/tendenciaspoliticas.com\/?p=44305","title":{"rendered":"Cristina Kirchner declara en el juicio por el caso Cuadernos y enfrenta acusaciones de asociaci\u00f3n il\u00edcita"},"content":{"rendered":"\n<p><strong>La ex presidenta deber\u00e1 responder ante el Tribunal Oral Federal 7 por su presunto rol en un sistema de recaudaci\u00f3n de sobornos vinculado a la obra p\u00fablica y otros contratos estatales.<\/strong><\/p>\n\n\n\n<figure class=\"wp-block-image size-full\"><img loading=\"lazy\" decoding=\"async\" width=\"340\" height=\"340\" src=\"https:\/\/tendenciaspoliticas.com\/wp-content\/uploads\/2026\/03\/image-209.png\" alt=\"\" class=\"wp-image-44306\" srcset=\"https:\/\/tendenciaspoliticas.com\/wp-content\/uploads\/2026\/03\/image-209.png 340w, https:\/\/tendenciaspoliticas.com\/wp-content\/uploads\/2026\/03\/image-209-300x300.png 300w, https:\/\/tendenciaspoliticas.com\/wp-content\/uploads\/2026\/03\/image-209-150x150.png 150w\" sizes=\"auto, (max-width: 340px) 100vw, 340px\" \/><\/figure>\n\n\n\n<p>La ex presidenta Cristina Fern\u00e1ndez de Kirchner declarar\u00e1 este martes en el juicio oral por el caso conocido como \u201cCuadernos de las coimas\u201d, una de las investigaciones de corrupci\u00f3n m\u00e1s amplias que se realizaron en la historia judicial argentina. El proceso se desarrolla ante el Tribunal Oral Federal 7 y re\u00fane a 86 imputados, entre ex funcionarios y empresarios.<\/p>\n\n\n\n<p>Durante las primeras audiencias del juicio se leyeron los requerimientos de elevaci\u00f3n a juicio presentados por la fiscal\u00eda, en los que se describe un supuesto sistema de recaudaci\u00f3n de sobornos que habr\u00eda funcionado entre 2003 y 2015. Seg\u00fan la acusaci\u00f3n, el mecanismo involucraba a funcionarios del Poder Ejecutivo y a empresarios que pagaban coimas a cambio de beneficios vinculados a la obra p\u00fablica, subsidios y contratos con el Estado.<\/p>\n\n\n\n<p>La fiscal\u00eda sostiene que ese esquema habr\u00eda sido liderado desde la c\u00fapula del poder pol\u00edtico y que el dinero recaudado ten\u00eda como destino final a N\u00e9stor y Cristina Kirchner. En ese marco, la ex mandataria enfrenta imputaciones por delitos como asociaci\u00f3n il\u00edcita y corrupci\u00f3n, cuyas penas podr\u00edan superar ampliamente los diez a\u00f1os de prisi\u00f3n en caso de una eventual condena.<\/p>\n\n\n\n<p>De acuerdo con la acusaci\u00f3n, el circuito de pagos ilegales se articulaba a trav\u00e9s de funcionarios del entonces Ministerio de Planificaci\u00f3n Federal, quienes actuaban como intermediarios entre las empresas contratistas y el gobierno. Los empresarios, seg\u00fan la hip\u00f3tesis judicial, realizaban los pagos para asegurar adjudicaciones de obras, el cobro de certificados o el acceso a subsidios.<\/p>\n\n\n\n<p>El juicio tambi\u00e9n analiza c\u00f3mo operaba el sistema de recaudaci\u00f3n y el rol de distintos funcionarios y ejecutivos privados en ese esquema. La declaraci\u00f3n de Cristina Kirchner marca una etapa clave del proceso, ya que deber\u00e1 responder a las acusaciones formuladas en su contra y exponer su defensa frente al tribunal.<\/p>\n","protected":false},"excerpt":{"rendered":"<p>La ex presidenta deber\u00e1 responder ante el Tribunal Oral Federal 7 por su presunto rol&#8230;<\/p>\n","protected":false},"author":2,"featured_media":0,"comment_status":"open","ping_status":"open","sticky":false,"template":"","format":"standard","meta":{"footnotes":""},"categories":[13],"tags":[14],"class_list":["post-44305","post","type-post","status-publish","format-standard","hentry","category-ultima-noticia","tag-politica"],"_links":{"self":[{"href":"https:\/\/tendenciaspoliticas.com\/index.php?rest_route=\/wp\/v2\/posts\/44305","targetHints":{"allow":["GET"]}}],"collection":[{"href":"https:\/\/tendenciaspoliticas.com\/index.php?rest_route=\/wp\/v2\/posts"}],"about":[{"href":"https:\/\/tendenciaspoliticas.com\/index.php?rest_route=\/wp\/v2\/types\/post"}],"author":[{"embeddable":true,"href":"https:\/\/tendenciaspoliticas.com\/index.php?rest_route=\/wp\/v2\/users\/2"}],"replies":[{"embeddable":true,"href":"https:\/\/tendenciaspoliticas.com\/index.php?rest_route=%2Fwp%2Fv2%2Fcomments&post=44305"}],"version-history":[{"count":1,"href":"https:\/\/tendenciaspoliticas.com\/index.php?rest_route=\/wp\/v2\/posts\/44305\/revisions"}],"predecessor-version":[{"id":44307,"href":"https:\/\/tendenciaspoliticas.com\/index.php?rest_route=\/wp\/v2\/posts\/44305\/revisions\/44307"}],"wp:attachment":[{"href":"https:\/\/tendenciaspoliticas.com\/index.php?rest_route=%2Fwp%2Fv2%2Fmedia&parent=44305"}],"wp:term":[{"taxonomy":"category","embeddable":true,"href":"https:\/\/tendenciaspoliticas.com\/index.php?rest_route=%2Fwp%2Fv2%2Fcategories&post=44305"},{"taxonomy":"post_tag","embeddable":true,"href":"https:\/\/tendenciaspoliticas.com\/index.php?rest_route=%2Fwp%2Fv2%2Ftags&post=44305"}],"curies":[{"name":"wp","href":"https:\/\/api.w.org\/{rel}","templated":true}]}}