{"id":44287,"date":"2026-03-16T06:55:51","date_gmt":"2026-03-16T09:55:51","guid":{"rendered":"https:\/\/tendenciaspoliticas.com\/?p=44287"},"modified":"2026-03-16T06:55:51","modified_gmt":"2026-03-16T09:55:51","slug":"se-suspendio-la-finalissima-entre-argentina-y-espana-tras-desacuerdos-por-la-sede-y-el-calendario","status":"publish","type":"post","link":"https:\/\/tendenciaspoliticas.com\/?p=44287","title":{"rendered":"Se suspendi\u00f3 la Finalissima entre Argentina y Espa\u00f1a tras desacuerdos por la sede y el calendario"},"content":{"rendered":"\n<p><strong>La UEFA confirm\u00f3 la cancelaci\u00f3n del partido entre los campeones de Am\u00e9rica y Europa y expres\u00f3 su \u201cgran decepci\u00f3n\u201d. El cruce no se disputar\u00e1 en la fecha FIFA de marzo y por ahora no tiene nueva programaci\u00f3n.<\/strong><br><\/p>\n\n\n\n<figure class=\"wp-block-image size-full is-resized\"><img loading=\"lazy\" decoding=\"async\" width=\"360\" height=\"240\" src=\"https:\/\/tendenciaspoliticas.com\/wp-content\/uploads\/2026\/03\/image-203.png\" alt=\"\" class=\"wp-image-44288\" style=\"width:790px;height:auto\" srcset=\"https:\/\/tendenciaspoliticas.com\/wp-content\/uploads\/2026\/03\/image-203.png 360w, https:\/\/tendenciaspoliticas.com\/wp-content\/uploads\/2026\/03\/image-203-300x200.png 300w\" sizes=\"auto, (max-width: 360px) 100vw, 360px\" \/><\/figure>\n\n\n\n<p>La Finalissima que deb\u00eda enfrentar a las selecciones campeonas de Am\u00e9rica y Europa finalmente no se disputar\u00e1. La decisi\u00f3n fue confirmada por la UEFA luego de semanas de negociaciones fallidas con la Conmebol y las federaciones involucradas, en medio de desacuerdos sobre la sede y el calendario del partido.<\/p>\n\n\n\n<p>El encuentro entre Argentina y Espa\u00f1a estaba previsto originalmente para jugarse en Qatar durante la ventana internacional de marzo, pero esa opci\u00f3n qued\u00f3 descartada por cuestiones de seguridad vinculadas al conflicto en Medio Oriente. A partir de ese momento comenzaron las gestiones para encontrar una sede alternativa, aunque las conversaciones no lograron destrabar la situaci\u00f3n.<\/p>\n\n\n\n<p>En un comunicado, la UEFA expres\u00f3 su \u201cgran decepci\u00f3n\u201d por la cancelaci\u00f3n del partido y se\u00f1al\u00f3 que las restricciones de agenda y las circunstancias organizativas hicieron imposible reprogramarlo dentro de la misma fecha FIFA.<\/p>\n\n\n\n<p>Desde la Conmebol tambi\u00e9n lamentaron que no se haya alcanzado un acuerdo pese a los intentos por disputar el encuentro en terreno neutral. En las negociaciones apareci\u00f3 como alternativa el estadio Ol\u00edmpico de Roma, propuesta que impuls\u00f3 la dirigencia argentina para jugar el 31 de marzo.<\/p>\n\n\n\n<p>Sin embargo, la Federaci\u00f3n Espa\u00f1ola rechaz\u00f3 esa posibilidad debido a conflictos con el calendario de clubes. Varios futbolistas convocados por el entrenador Luis de la Fuente pertenecen a equipos con compromisos importantes en la liga espa\u00f1ola en los d\u00edas posteriores.<\/p>\n\n\n\n<p>La cancelaci\u00f3n deja en suspenso el esperado duelo entre el capit\u00e1n argentino Lionel Messi y la joven figura espa\u00f1ola Lamine Yamal. Adem\u00e1s, la selecci\u00f3n dirigida por Lionel Scaloni contin\u00faa sin partidos confirmados en su preparaci\u00f3n rumbo al Mundial de 2026.<\/p>\n","protected":false},"excerpt":{"rendered":"<p>La UEFA confirm\u00f3 la cancelaci\u00f3n del partido entre los campeones de Am\u00e9rica y Europa y&#8230;<\/p>\n","protected":false},"author":2,"featured_media":0,"comment_status":"open","ping_status":"open","sticky":false,"template":"","format":"standard","meta":{"footnotes":""},"categories":[18,13],"tags":[19],"class_list":["post-44287","post","type-post","status-publish","format-standard","hentry","category-deportes","category-ultima-noticia","tag-deportes"],"_links":{"self":[{"href":"https:\/\/tendenciaspoliticas.com\/index.php?rest_route=\/wp\/v2\/posts\/44287","targetHints":{"allow":["GET"]}}],"collection":[{"href":"https:\/\/tendenciaspoliticas.com\/index.php?rest_route=\/wp\/v2\/posts"}],"about":[{"href":"https:\/\/tendenciaspoliticas.com\/index.php?rest_route=\/wp\/v2\/types\/post"}],"author":[{"embeddable":true,"href":"https:\/\/tendenciaspoliticas.com\/index.php?rest_route=\/wp\/v2\/users\/2"}],"replies":[{"embeddable":true,"href":"https:\/\/tendenciaspoliticas.com\/index.php?rest_route=%2Fwp%2Fv2%2Fcomments&post=44287"}],"version-history":[{"count":1,"href":"https:\/\/tendenciaspoliticas.com\/index.php?rest_route=\/wp\/v2\/posts\/44287\/revisions"}],"predecessor-version":[{"id":44289,"href":"https:\/\/tendenciaspoliticas.com\/index.php?rest_route=\/wp\/v2\/posts\/44287\/revisions\/44289"}],"wp:attachment":[{"href":"https:\/\/tendenciaspoliticas.com\/index.php?rest_route=%2Fwp%2Fv2%2Fmedia&parent=44287"}],"wp:term":[{"taxonomy":"category","embeddable":true,"href":"https:\/\/tendenciaspoliticas.com\/index.php?rest_route=%2Fwp%2Fv2%2Fcategories&post=44287"},{"taxonomy":"post_tag","embeddable":true,"href":"https:\/\/tendenciaspoliticas.com\/index.php?rest_route=%2Fwp%2Fv2%2Ftags&post=44287"}],"curies":[{"name":"wp","href":"https:\/\/api.w.org\/{rel}","templated":true}]}}