{"id":44284,"date":"2026-03-16T06:54:55","date_gmt":"2026-03-16T09:54:55","guid":{"rendered":"https:\/\/tendenciaspoliticas.com\/?p=44284"},"modified":"2026-03-16T06:54:56","modified_gmt":"2026-03-16T09:54:56","slug":"un-docente-que-manejaba-para-una-app-fue-asesinado-y-detienen-a-un-policia-como-principal-sospechoso","status":"publish","type":"post","link":"https:\/\/tendenciaspoliticas.com\/?p=44284","title":{"rendered":"Un docente que manejaba para una app fue asesinado y detienen a un polic\u00eda como principal sospechoso"},"content":{"rendered":"\n<p><strong>Cristian Pereyra, de 39 a\u00f1os, trabajaba como chofer para complementar su salario. Recibi\u00f3 tres disparos durante un viaje en La Matanza y el pasajero, integrante de la Bonaerense, qued\u00f3 detenido.<\/strong><\/p>\n\n\n\n<figure class=\"wp-block-image size-full\"><img loading=\"lazy\" decoding=\"async\" width=\"565\" height=\"363\" src=\"https:\/\/tendenciaspoliticas.com\/wp-content\/uploads\/2026\/03\/image-202.png\" alt=\"\" class=\"wp-image-44285\" srcset=\"https:\/\/tendenciaspoliticas.com\/wp-content\/uploads\/2026\/03\/image-202.png 565w, https:\/\/tendenciaspoliticas.com\/wp-content\/uploads\/2026\/03\/image-202-300x193.png 300w\" sizes=\"auto, (max-width: 565px) 100vw, 565px\" \/><\/figure>\n\n\n\n<p>Cristian Eduardo Pereyra, un docente de 39 a\u00f1os que trabajaba como chofer de una aplicaci\u00f3n de viajes para aumentar sus ingresos, fue asesinado de tres disparos durante la noche del s\u00e1bado en la autopista Presidente Per\u00f3n, a la altura de Virrey del Pino, en el partido bonaerense de La Matanza. Por el crimen fue detenido su pasajero, un polic\u00eda de 23 a\u00f1os que integraba la Unidad T\u00e1ctica de Operaciones Inmediatas (UTOI) de la Polic\u00eda Bonaerense.<\/p>\n\n\n\n<p>La v\u00edctima manejaba un Chevrolet Corsa y realizaba viajes para la aplicaci\u00f3n DiDi cuando ocurri\u00f3 el ataque. Tras el hecho, el sospechoso fue identificado como Mat\u00edas Alejandro Vizgarra Riveros, quien fue arrestado y desafectado de la fuerza.<\/p>\n\n\n\n<p>El caso es investigado por el fiscal Adri\u00e1n Arribas, de la Unidad Tem\u00e1tica de Homicidios de La Matanza. En el lugar del crimen se hallaron cinco vainas servidas calibre 9 mil\u00edmetros. El veh\u00edculo de Pereyra fue encontrado posteriormente en Ciudad Evita, a pocas cuadras de la base donde trabajaba el polic\u00eda acusado.<\/p>\n\n\n\n<p>Pereyra era profesor en dos escuelas t\u00e9cnicas y padre de una ni\u00f1a de tres a\u00f1os. Seg\u00fan relataron familiares en redes sociales, conduc\u00eda para una aplicaci\u00f3n de viajes para completar su salario docente.<\/p>\n\n\n\n<p>La familia de la v\u00edctima expres\u00f3 su indignaci\u00f3n y reclam\u00f3 justicia. Una de sus hermanas denunci\u00f3 que el pasajero que presuntamente lo asesin\u00f3 era polic\u00eda y cuestion\u00f3 el accionar de la instituci\u00f3n.<\/p>\n\n\n\n<p>El caso vuelve a poner en foco los riesgos que enfrentan los conductores de aplicaciones de transporte en el conurbano bonaerense, donde en los \u00faltimos a\u00f1os se registraron varios hechos violentos durante viajes solicitados por plataformas digitales.<\/p>\n","protected":false},"excerpt":{"rendered":"<p>Cristian Pereyra, de 39 a\u00f1os, trabajaba como chofer para complementar su salario. Recibi\u00f3 tres disparos&#8230;<\/p>\n","protected":false},"author":2,"featured_media":0,"comment_status":"open","ping_status":"open","sticky":false,"template":"","format":"standard","meta":{"footnotes":""},"categories":[40,13],"tags":[39],"class_list":["post-44284","post","type-post","status-publish","format-standard","hentry","category-sociedad","category-ultima-noticia","tag-sociedad"],"_links":{"self":[{"href":"https:\/\/tendenciaspoliticas.com\/index.php?rest_route=\/wp\/v2\/posts\/44284","targetHints":{"allow":["GET"]}}],"collection":[{"href":"https:\/\/tendenciaspoliticas.com\/index.php?rest_route=\/wp\/v2\/posts"}],"about":[{"href":"https:\/\/tendenciaspoliticas.com\/index.php?rest_route=\/wp\/v2\/types\/post"}],"author":[{"embeddable":true,"href":"https:\/\/tendenciaspoliticas.com\/index.php?rest_route=\/wp\/v2\/users\/2"}],"replies":[{"embeddable":true,"href":"https:\/\/tendenciaspoliticas.com\/index.php?rest_route=%2Fwp%2Fv2%2Fcomments&post=44284"}],"version-history":[{"count":1,"href":"https:\/\/tendenciaspoliticas.com\/index.php?rest_route=\/wp\/v2\/posts\/44284\/revisions"}],"predecessor-version":[{"id":44286,"href":"https:\/\/tendenciaspoliticas.com\/index.php?rest_route=\/wp\/v2\/posts\/44284\/revisions\/44286"}],"wp:attachment":[{"href":"https:\/\/tendenciaspoliticas.com\/index.php?rest_route=%2Fwp%2Fv2%2Fmedia&parent=44284"}],"wp:term":[{"taxonomy":"category","embeddable":true,"href":"https:\/\/tendenciaspoliticas.com\/index.php?rest_route=%2Fwp%2Fv2%2Fcategories&post=44284"},{"taxonomy":"post_tag","embeddable":true,"href":"https:\/\/tendenciaspoliticas.com\/index.php?rest_route=%2Fwp%2Fv2%2Ftags&post=44284"}],"curies":[{"name":"wp","href":"https:\/\/api.w.org\/{rel}","templated":true}]}}