{"id":44278,"date":"2026-03-16T06:53:16","date_gmt":"2026-03-16T09:53:16","guid":{"rendered":"https:\/\/tendenciaspoliticas.com\/?p=44278"},"modified":"2026-03-16T06:53:16","modified_gmt":"2026-03-16T09:53:16","slug":"adorni-pidio-disculpas-por-el-viaje-de-su-esposa-en-el-avion-presidencial","status":"publish","type":"post","link":"https:\/\/tendenciaspoliticas.com\/?p=44278","title":{"rendered":"Adorni pidi\u00f3 disculpas por el viaje de su esposa en el avi\u00f3n presidencial"},"content":{"rendered":"\n<p><strong>El jefe de Gabinete admiti\u00f3 que fue \u201cuna p\u00e9sima decisi\u00f3n\u201d incluirla en la comitiva a Nueva York. Tambi\u00e9n justific\u00f3 el vuelo privado a Punta del Este y asegur\u00f3 que lo pag\u00f3 con dinero familiar.<\/strong><\/p>\n\n\n\n<figure class=\"wp-block-image size-full\"><img loading=\"lazy\" decoding=\"async\" width=\"421\" height=\"261\" src=\"https:\/\/tendenciaspoliticas.com\/wp-content\/uploads\/2026\/03\/image-200.png\" alt=\"\" class=\"wp-image-44279\" srcset=\"https:\/\/tendenciaspoliticas.com\/wp-content\/uploads\/2026\/03\/image-200.png 421w, https:\/\/tendenciaspoliticas.com\/wp-content\/uploads\/2026\/03\/image-200-300x186.png 300w\" sizes=\"auto, (max-width: 421px) 100vw, 421px\" \/><\/figure>\n\n\n\n<p>El jefe de Gabinete, Manuel Adorni, reconoci\u00f3 que fue un error permitir que su esposa viajara en el avi\u00f3n presidencial durante la gira oficial a Nueva York y pidi\u00f3 disculpas p\u00fablicamente por la decisi\u00f3n. \u201cFue una p\u00e9sima decisi\u00f3n. No advert\u00ed el error y pido disculpas por eso\u201d, afirm\u00f3 en declaraciones televisivas.<\/p>\n\n\n\n<p>Adorni explic\u00f3 que la presencia de su esposa Bettina Angeletti en el vuelo que traslad\u00f3 al presidente Javier Milei a Estados Unidos se produjo tras una invitaci\u00f3n realizada por Presidencia. Sin embargo, admiti\u00f3 que aceptar esa posibilidad fue una mala decisi\u00f3n, aunque insisti\u00f3 en que no implic\u00f3 gastos adicionales para el Estado.<\/p>\n\n\n\n<p>\u201cM\u00e1s all\u00e1 de que no gener\u00f3 un d\u00f3lar de gasto para el Estado, no advert\u00ed el error\u201d, reiter\u00f3 el funcionario, quien regres\u00f3 al pa\u00eds en un vuelo comercial d\u00edas despu\u00e9s que el resto de la comitiva oficial.<\/p>\n\n\n\n<p>El jefe de Gabinete tambi\u00e9n se refiri\u00f3 a otra pol\u00e9mica reciente: un viaje familiar a Punta del Este durante el fin de semana largo de Carnaval en un avi\u00f3n privado. Un video difundido en redes sociales lo muestra abordando la aeronave junto a su esposa y sus hijos en el aeropuerto de San Fernando.<\/p>\n\n\n\n<p>Seg\u00fan explic\u00f3, decidi\u00f3 contratar el vuelo privado a \u00faltimo momento porque surgi\u00f3 una oportunidad para viajar con su familia. Asegur\u00f3 adem\u00e1s que el costo \u2014estimado en unos 4.000 d\u00f3lares\u2014 fue pagado con dinero personal. \u201cEs dinero familiar gastado en una actividad familiar de cuatro d\u00edas\u201d, sostuvo, y afirm\u00f3 que los gastos quedar\u00e1n reflejados en sus declaraciones juradas.<\/p>\n\n\n\n<p>Pese a sus explicaciones, el episodio motiv\u00f3 la apertura de una investigaci\u00f3n preliminar por parte de la Procuraci\u00f3n de Investigaciones Administrativas (PIA), que analizar\u00e1 si existieron irregularidades vinculadas con el uso de recursos p\u00fablicos o eventuales violaciones a la ley de \u00c9tica P\u00fablica.<\/p>\n","protected":false},"excerpt":{"rendered":"<p>El jefe de Gabinete admiti\u00f3 que fue \u201cuna p\u00e9sima decisi\u00f3n\u201d incluirla en la comitiva a&#8230;<\/p>\n","protected":false},"author":2,"featured_media":0,"comment_status":"open","ping_status":"open","sticky":false,"template":"","format":"standard","meta":{"footnotes":""},"categories":[1],"tags":[14],"class_list":["post-44278","post","type-post","status-publish","format-standard","hentry","category-politica","tag-politica"],"_links":{"self":[{"href":"https:\/\/tendenciaspoliticas.com\/index.php?rest_route=\/wp\/v2\/posts\/44278","targetHints":{"allow":["GET"]}}],"collection":[{"href":"https:\/\/tendenciaspoliticas.com\/index.php?rest_route=\/wp\/v2\/posts"}],"about":[{"href":"https:\/\/tendenciaspoliticas.com\/index.php?rest_route=\/wp\/v2\/types\/post"}],"author":[{"embeddable":true,"href":"https:\/\/tendenciaspoliticas.com\/index.php?rest_route=\/wp\/v2\/users\/2"}],"replies":[{"embeddable":true,"href":"https:\/\/tendenciaspoliticas.com\/index.php?rest_route=%2Fwp%2Fv2%2Fcomments&post=44278"}],"version-history":[{"count":1,"href":"https:\/\/tendenciaspoliticas.com\/index.php?rest_route=\/wp\/v2\/posts\/44278\/revisions"}],"predecessor-version":[{"id":44280,"href":"https:\/\/tendenciaspoliticas.com\/index.php?rest_route=\/wp\/v2\/posts\/44278\/revisions\/44280"}],"wp:attachment":[{"href":"https:\/\/tendenciaspoliticas.com\/index.php?rest_route=%2Fwp%2Fv2%2Fmedia&parent=44278"}],"wp:term":[{"taxonomy":"category","embeddable":true,"href":"https:\/\/tendenciaspoliticas.com\/index.php?rest_route=%2Fwp%2Fv2%2Fcategories&post=44278"},{"taxonomy":"post_tag","embeddable":true,"href":"https:\/\/tendenciaspoliticas.com\/index.php?rest_route=%2Fwp%2Fv2%2Ftags&post=44278"}],"curies":[{"name":"wp","href":"https:\/\/api.w.org\/{rel}","templated":true}]}}