{"id":44275,"date":"2026-03-16T06:52:31","date_gmt":"2026-03-16T09:52:31","guid":{"rendered":"https:\/\/tendenciaspoliticas.com\/?p=44275"},"modified":"2026-03-16T06:52:32","modified_gmt":"2026-03-16T09:52:32","slug":"milei-denuncia-una-mafia-mediatica-tras-nuevas-revelaciones-del-caso-libra","status":"publish","type":"post","link":"https:\/\/tendenciaspoliticas.com\/?p=44275","title":{"rendered":"Milei denuncia una \u201cmafia medi\u00e1tica\u201d tras nuevas revelaciones del caso $LIBRA"},"content":{"rendered":"\n<figure class=\"wp-block-image size-full\"><img loading=\"lazy\" decoding=\"async\" width=\"565\" height=\"370\" src=\"https:\/\/tendenciaspoliticas.com\/wp-content\/uploads\/2026\/03\/image-199.png\" alt=\"\" class=\"wp-image-44276\" srcset=\"https:\/\/tendenciaspoliticas.com\/wp-content\/uploads\/2026\/03\/image-199.png 565w, https:\/\/tendenciaspoliticas.com\/wp-content\/uploads\/2026\/03\/image-199-300x196.png 300w\" sizes=\"auto, (max-width: 565px) 100vw, 565px\" \/><\/figure>\n\n\n\n<p><strong>Un peritaje al celular de un lobbista del proyecto cripto menciona un presunto acuerdo por US$ 5 millones vinculado al lanzamiento del token. El Gobierno niega irregularidades y evita pronunciarse oficialmente.<\/strong><\/p>\n\n\n\n<p>El presidente Javier Milei volvi\u00f3 a cuestionar a los medios de comunicaci\u00f3n luego de que se conocieran nuevas revelaciones vinculadas al esc\u00e1ndalo de la criptomoneda $LIBRA. A trav\u00e9s de su cuenta en la red social X, el mandatario escribi\u00f3 \u201cLa mafia medi\u00e1tica. Fin\u201d, al replicar un mensaje de la diputada libertaria Juliana Santill\u00e1n que criticaba al Grupo Clar\u00edn por su cobertura del caso.<\/p>\n\n\n\n<p>La reacci\u00f3n presidencial se produjo despu\u00e9s de que trascendiera un peritaje judicial sobre el celular de Mauricio Novelli, lobbista relacionado con el proyecto cripto. En el an\u00e1lisis del dispositivo aparecieron capturas de un bloc de notas del iPhone en las que se mencionar\u00eda un supuesto acuerdo econ\u00f3mico por unos cinco millones de d\u00f3lares a cambio de respaldo al lanzamiento del token.<\/p>\n\n\n\n<p>El expediente es investigado por el fiscal Eduardo Taiano y forma parte de la causa abierta tras el fallido lanzamiento de $LIBRA, que gener\u00f3 fuertes cuestionamientos en el \u00e1mbito pol\u00edtico y financiero. Seg\u00fan fuentes cercanas al Presidente, por ahora el Gobierno no adoptar\u00e1 ninguna estrategia p\u00fablica frente a las revelaciones y se limitar\u00e1 a dejar que avance la investigaci\u00f3n judicial.<\/p>\n\n\n\n<p>Desde el oficialismo sostienen que existe una campa\u00f1a pol\u00edtica y medi\u00e1tica para instalar una crisis. En esa l\u00ednea, Santill\u00e1n denunci\u00f3 una \u201cofensiva coordinada\u201d contra la administraci\u00f3n libertaria que, seg\u00fan dijo, busca afectar las expectativas econ\u00f3micas y generar inestabilidad financiera.<\/p>\n\n\n\n<p>Mientras tanto, dentro del entorno presidencial conviven dos miradas sobre el caso: una que apuesta a mantener silencio y otra que advierte sobre el impacto pol\u00edtico de causas sensibles como la investigaci\u00f3n por la criptomoneda y otros expedientes que involucran al Gobierno.<\/p>\n\n\n\n<p>En paralelo a la pol\u00e9mica, Milei tiene previsto viajar a C\u00f3rdoba para participar de un evento en la Bolsa de Comercio organizado por la Fundaci\u00f3n Mediterr\u00e1nea, donde dar\u00e1 un discurso sobre la situaci\u00f3n econ\u00f3mica. En los pr\u00f3ximos d\u00edas tambi\u00e9n se realizar\u00e1 una nueva reuni\u00f3n de la mesa pol\u00edtica del Ejecutivo en la Casa Rosada.<\/p>\n","protected":false},"excerpt":{"rendered":"<p>Un peritaje al celular de un lobbista del proyecto cripto menciona un presunto acuerdo por&#8230;<\/p>\n","protected":false},"author":2,"featured_media":0,"comment_status":"open","ping_status":"open","sticky":false,"template":"","format":"standard","meta":{"footnotes":""},"categories":[1],"tags":[14],"class_list":["post-44275","post","type-post","status-publish","format-standard","hentry","category-politica","tag-politica"],"_links":{"self":[{"href":"https:\/\/tendenciaspoliticas.com\/index.php?rest_route=\/wp\/v2\/posts\/44275","targetHints":{"allow":["GET"]}}],"collection":[{"href":"https:\/\/tendenciaspoliticas.com\/index.php?rest_route=\/wp\/v2\/posts"}],"about":[{"href":"https:\/\/tendenciaspoliticas.com\/index.php?rest_route=\/wp\/v2\/types\/post"}],"author":[{"embeddable":true,"href":"https:\/\/tendenciaspoliticas.com\/index.php?rest_route=\/wp\/v2\/users\/2"}],"replies":[{"embeddable":true,"href":"https:\/\/tendenciaspoliticas.com\/index.php?rest_route=%2Fwp%2Fv2%2Fcomments&post=44275"}],"version-history":[{"count":1,"href":"https:\/\/tendenciaspoliticas.com\/index.php?rest_route=\/wp\/v2\/posts\/44275\/revisions"}],"predecessor-version":[{"id":44277,"href":"https:\/\/tendenciaspoliticas.com\/index.php?rest_route=\/wp\/v2\/posts\/44275\/revisions\/44277"}],"wp:attachment":[{"href":"https:\/\/tendenciaspoliticas.com\/index.php?rest_route=%2Fwp%2Fv2%2Fmedia&parent=44275"}],"wp:term":[{"taxonomy":"category","embeddable":true,"href":"https:\/\/tendenciaspoliticas.com\/index.php?rest_route=%2Fwp%2Fv2%2Fcategories&post=44275"},{"taxonomy":"post_tag","embeddable":true,"href":"https:\/\/tendenciaspoliticas.com\/index.php?rest_route=%2Fwp%2Fv2%2Ftags&post=44275"}],"curies":[{"name":"wp","href":"https:\/\/api.w.org\/{rel}","templated":true}]}}