{"id":44266,"date":"2026-03-13T16:23:00","date_gmt":"2026-03-13T19:23:00","guid":{"rendered":"https:\/\/tendenciaspoliticas.com\/?p=44266"},"modified":"2026-03-13T08:23:46","modified_gmt":"2026-03-13T11:23:46","slug":"tapia-y-la-finalissima-quiero-que-se-juegue-en-el-monumental","status":"publish","type":"post","link":"https:\/\/tendenciaspoliticas.com\/?p=44266","title":{"rendered":"Tapia y la Finalissima: \u201cQuiero que se juegue en el Monumental\u201d"},"content":{"rendered":"\n<h1 class=\"wp-block-heading\"><\/h1>\n\n\n\n<h2 class=\"wp-block-heading\">Espa\u00f1a presiona para jugar con Argentina en el Santiago Bernab\u00e9u del Real Madrid, pero el presidente de la AFA contragolpea con River. Se definir\u00e1 hoy.<\/h2>\n\n\n\n<figure class=\"wp-block-image is-resized\"><img loading=\"lazy\" decoding=\"async\" width=\"421\" height=\"254\" src=\"https:\/\/tendenciaspoliticas.com\/wp-content\/uploads\/2026\/03\/img-1.webp\" alt=\"\" class=\"wp-image-44267\" style=\"width:790px;height:auto\" srcset=\"https:\/\/tendenciaspoliticas.com\/wp-content\/uploads\/2026\/03\/img-1.webp 421w, https:\/\/tendenciaspoliticas.com\/wp-content\/uploads\/2026\/03\/img-1-300x181.webp 300w\" sizes=\"auto, (max-width: 421px) 100vw, 421px\" \/><figcaption class=\"wp-element-caption\"><strong>Cambio de tema. Tapia fue a declarar a Tribunales y sorprendi\u00f3 con la Finalissima.<\/strong><\/figcaption><\/figure>\n\n\n\n<p>Claudio Chiqui Tapia pas\u00f3 por Tribunales y present\u00f3 un escrito sin responder preguntas en la causa que lo investiga por la presunta retenci\u00f3n indebida de aportes por 19.000 millones de pesos. Y, despu\u00e9s de la cita con la Justicia, se refiri\u00f3 al tema que se rob\u00f3 la ma\u00f1ana en el f\u00fatbol argentino: \u201cCumplimos con lo que quer\u00eda el juez, con lo que fuimos citados y nos vamos a poner a trabajar porque Espa\u00f1a quiere que la Finalissima se juegue en Espa\u00f1a y yo quiero que se juegue en el Monumental\u201d.<\/p>\n\n\n\n<p>Con esas palabras, Tapia respondi\u00f3 de manera directa a los rumores que desde la ma\u00f1ana argentina comenzaron a llegar desde la capital espa\u00f1ola. Los medios deportivos m\u00e1s importantes salieron en t\u00e1ndem a afirmar que la Finalissima entre la Argentina y Espa\u00f1a con fecha para el pr\u00f3ximo 27 de marzo se jugar\u00eda en el estadio Santiago Bernab\u00e9u del Real Madrid.<\/p>\n\n\n\n<p>Inicialmente, el partido entre los campeones de la Copa Am\u00e9rica y la Eurocopa se iba a jugar en Qatar. Pero, el 28 de febrero los Estados Unidos e Israel comenzaron una guerra contra Ir\u00e1n que afecta a los pa\u00edses \u00e1rabes y a todo Medio Oriente.<\/p>\n\n\n\n<p>El domingo 1 de marzo, la Asociaci\u00f3n de F\u00fatbol de Qatar suspendi\u00f3 el f\u00fatbol \u201chasta nuevo aviso\u201d por lo que dejaba el Qatar Football Festival,<\/p>\n\n\n\n<p>que inclu\u00eda la Finalissima, en suspenso. Pero, con un contrato firmado, los directivos qatar\u00edes hicieron fuerza por no perderse el partido entre la Argentina y Espa\u00f1a y hasta reanudaron la actividad deportiva en su pa\u00eds: sin embargo, Conmebol y UEFA vieron poco probable que sus estrellas viajaran a Medio Oriente en estas condiciones.<\/p>\n\n\n\n<p>Despu\u00e9s de barajar inicialmente a Marruecos, Wembley, Roma y al estadio Da Luz de Lisboa (que hasta ayer picaba en punta) como posibles sedes, desde Espa\u00f1a comenzaron a presionar para jugar en el estadio del Real Madrid. \u201cEl Bernab\u00e9u pica en punta\u201d, titularon los diarios As y Marca, aunque admit\u00edan que faltaba el \u201cok de AFA\u201d.<\/p>\n\n\n\n<p>Como adelant\u00f3 Clar\u00edn, en la Asociaci\u00f3n del F\u00fatbol Argentino nunca consideraron la chance de jugar en Espa\u00f1a. Incluso, fuentes de UEFA le aseguraron ayer a este diario que s\u00f3lo se trataba de versiones period\u00edsticas.<\/p>\n\n\n\n<p>La respuesta de Tapia pone en jaque la disputa de la Finalissima ya que hoy viernes es la fecha l\u00edmite para definir el estadio del partido que debe jugarse el 27 de marzo.<\/p>\n\n\n\n<p>La primera edici\u00f3n se jug\u00f3 en suelo europeo, en el m\u00edtico estadio de Wembley, en la recordada victoria de la Scaloneta ante Italia. Y, siguiendo la l\u00f3gica de la alternancia, esta edici\u00f3n le correspond\u00eda a Conmebol que eligi\u00f3 a Qatar como sede.<\/p>\n\n\n\n<p>La guerra cambi\u00f3 los planes, pero quedan pocas horas para tomar una decisi\u00f3n. Hoy viernes se sabr\u00e1 d\u00f3nde se juega el partido entre el campe\u00f3n de Am\u00e9rica y el campe\u00f3n de Europa.<\/p>\n","protected":false},"excerpt":{"rendered":"<p>Espa\u00f1a presiona para jugar con Argentina en el Santiago Bernab\u00e9u del Real Madrid, pero el&#8230;<\/p>\n","protected":false},"author":2,"featured_media":0,"comment_status":"open","ping_status":"open","sticky":false,"template":"","format":"standard","meta":{"footnotes":""},"categories":[18,13],"tags":[19],"class_list":["post-44266","post","type-post","status-publish","format-standard","hentry","category-deportes","category-ultima-noticia","tag-deportes"],"_links":{"self":[{"href":"https:\/\/tendenciaspoliticas.com\/index.php?rest_route=\/wp\/v2\/posts\/44266","targetHints":{"allow":["GET"]}}],"collection":[{"href":"https:\/\/tendenciaspoliticas.com\/index.php?rest_route=\/wp\/v2\/posts"}],"about":[{"href":"https:\/\/tendenciaspoliticas.com\/index.php?rest_route=\/wp\/v2\/types\/post"}],"author":[{"embeddable":true,"href":"https:\/\/tendenciaspoliticas.com\/index.php?rest_route=\/wp\/v2\/users\/2"}],"replies":[{"embeddable":true,"href":"https:\/\/tendenciaspoliticas.com\/index.php?rest_route=%2Fwp%2Fv2%2Fcomments&post=44266"}],"version-history":[{"count":1,"href":"https:\/\/tendenciaspoliticas.com\/index.php?rest_route=\/wp\/v2\/posts\/44266\/revisions"}],"predecessor-version":[{"id":44268,"href":"https:\/\/tendenciaspoliticas.com\/index.php?rest_route=\/wp\/v2\/posts\/44266\/revisions\/44268"}],"wp:attachment":[{"href":"https:\/\/tendenciaspoliticas.com\/index.php?rest_route=%2Fwp%2Fv2%2Fmedia&parent=44266"}],"wp:term":[{"taxonomy":"category","embeddable":true,"href":"https:\/\/tendenciaspoliticas.com\/index.php?rest_route=%2Fwp%2Fv2%2Fcategories&post=44266"},{"taxonomy":"post_tag","embeddable":true,"href":"https:\/\/tendenciaspoliticas.com\/index.php?rest_route=%2Fwp%2Fv2%2Ftags&post=44266"}],"curies":[{"name":"wp","href":"https:\/\/api.w.org\/{rel}","templated":true}]}}