{"id":44252,"date":"2026-03-13T16:00:00","date_gmt":"2026-03-13T19:00:00","guid":{"rendered":"https:\/\/tendenciaspoliticas.com\/?p=44252"},"modified":"2026-03-12T20:16:30","modified_gmt":"2026-03-12T23:16:30","slug":"hallan-una-sorprendente-explicacion-sobre-la-causa-del-deterioro-de-la-memoria-a-medida-que-pasan-los-anos","status":"publish","type":"post","link":"https:\/\/tendenciaspoliticas.com\/?p=44252","title":{"rendered":"Hallan una sorprendente explicaci\u00f3n sobre la causa del deterioro de la memoria a medida que pasan los a\u00f1os"},"content":{"rendered":"\n<h1 class=\"wp-block-heading\"><\/h1>\n\n\n\n<h2 class=\"wp-block-heading\">Un trabajo publicado en Nature identific\u00f3 una bacteria intestinal que prolifera con el envejecimiento y conecta con el cerebro.Si bien la investigaci\u00f3n se hizo con ratones, los autores consideran que el mecanismo \u201cprobablemente se conserva en humanos\u201d.<\/h2>\n\n\n\n<p><img loading=\"lazy\" decoding=\"async\" width=\"360\" height=\"620\" src=\"https:\/\/www.clarin.com\/img\/2024\/11\/26\/Os6aJfGEV_360x240__1.jpg\" alt=\"Hallan una sorprendente explicaci\u00f3n sobre la causa del deterioro de la memoria a medida que pasan los a\u00f1os\"><\/p>\n\n\n\n<p>Investigadores brit\u00e1nicos hallaron una<strong>&nbsp;bacteria intestinal<\/strong>&nbsp;que prolifera a medida que pasan los a\u00f1os, lo que influye en el&nbsp;<a href=\"https:\/\/www.clarin.com\/internacional\/mara-dierssen-neurobiologa-deterioro-cognitivo-va-alla-olvido-ocasional_0_hpiHUWxSPb.html\" target=\"_blank\" rel=\"noreferrer noopener\">deterioro cognitivo<\/a>. Seg\u00fan determinaron, este pat\u00f3geno interfiere con la&nbsp;<strong>se\u00f1alizaci\u00f3n de los nervios sensoriales<\/strong>&nbsp;que conectan con el cerebro. El descubrimiento, publicado en la revista Nature, se realiz\u00f3 en ratones y los cient\u00edficos aseguran que&nbsp;<strong>el circuito intestino-cerebro<\/strong>&nbsp;\u201cprobablemente se conserva en humanos\u201d.<\/p>\n\n\n\n<p>Seg\u00fan David Vauzour, bioqu\u00edmico de la Universidad de East Anglia en Norwich, Reino Unido, esta investigaci\u00f3n podr\u00eda revelar un mecanismo que explique por qu\u00e9&nbsp;<strong>la memoria y la capacidad de aprendizaje&nbsp;<a href=\"https:\/\/www.clarin.com\/internacional\/sintomas-demencia-senales-tener-cuenta-partir-50-anos_0_u9M3mom3XR.html\" target=\"_blank\" rel=\"noreferrer noopener\">disminuyen<\/a><a href=\"https:\/\/www.clarin.com\/internacional\/sintomas-demencia-senales-tener-cuenta-partir-50-anos_0_u9M3mom3XR.html\" target=\"_blank\" rel=\"noreferrer noopener\">&nbsp;naturalmente con la edad<\/a><\/strong>, y ofrece la esperanza de que las terapias dirigidas al intestino puedan revertir este deterioro.<\/p>\n\n\n\n<p>Los efectos de la bacteria parecen similares a otras&nbsp;<strong>consecuencias del envejecimiento<\/strong>. \u201cA medida que envejecemos, necesitamos cosas como anteojos y aud\u00edfonos\u201d, afirma en Nature el coautor del trabajo, Christoph Thaiss, inmun\u00f3logo de la Universidad de Stanford, en California. El singular punto de vista muestra que, as\u00ed como el envejecimiento causa una disminuci\u00f3n de la&nbsp;<strong>percepci\u00f3n sensorial&nbsp;<\/strong>del mundo exterior, tambi\u00e9n podr\u00eda estar causando una p\u00e9rdida de la percepci\u00f3n de se\u00f1ales internas, afirman los investigadores.<\/p>\n\n\n\n<figure class=\"wp-block-embed\"><div class=\"wp-block-embed__wrapper\">\nhttps:\/\/319ff082f1f1a61b14824716e377fbbe.safeframe.googlesyndication.com\/safeframe\/1-0-45\/html\/container.html\n<\/div><\/figure>\n\n\n\n<p>El experimento se realiz\u00f3 en una jaula con ratones j\u00f3venes de dos meses y ratones viejos de 18 meses. Esto equivaldr\u00eda -seg\u00fan explica el art\u00edculo de Nature- a que una persona de 15 a\u00f1os conviva en un espacio reducido con otra de 50 a\u00f1os. Tras pasar un mes en la misma jaula, los ratones j\u00f3venes comenzaron a tener&nbsp;<strong>un rendimiento similar<\/strong>&nbsp;al de los ratones viejos en una prueba de laberinto y otra prueba de memoria.<\/p>\n\n\n\n<p>\u201cEn la prueba de memoria, los ratones suelen recordar objetos que ya han visto y, por lo tanto, dedican m\u00e1s tiempo a explorar objetos nuevos. Sin embargo, los animales m\u00e1s j\u00f3venes dedicaron el mismo tiempo a investigar objetos familiares y nuevos, al igual que los ratones viejos. Esto indic\u00f3 que&nbsp;<strong>hab\u00edan perdido la memoria&nbsp;<\/strong>a corto plazo\u201d, cuenta el art\u00edculo.<img loading=\"lazy\" decoding=\"async\" alt=\"Para los investigadores, el mismo circuito estar\u00eda presente en los seres humanos. Foto: Shutterstock\" width=\"720\" height=\"480\" src=\"https:\/\/www.clarin.com\/img\/2023\/08\/15\/S6UIy3dv9_720x0__1.jpg\">Para los investigadores, el mismo circuito estar\u00eda presente en los seres humanos. Foto: Shutterstock<\/p>\n\n\n\n<p>Timothy Cox, neurocient\u00edfico de la Universidad de Pensilvania, en Filadelfia, tambi\u00e9n coautor del trabajo, afirm\u00f3: \u201cSu d\u00e9ficit era tan profundo que pr\u00e1cticamente no se distingu\u00edan de los ratones viejos. Era casi incre\u00edble\u201d. \u00bfQu\u00e9 hab\u00eda sucedido?&nbsp;<strong>Los microbiomas de los animales j\u00f3venes<\/strong>&nbsp;<strong>se hab\u00edan vuelto<\/strong>&nbsp;<strong>similares&nbsp;<\/strong>a los de los ratones mayores.<\/p>\n\n\n\n<p>\u201cAl vivir cerca y consumir las heces de otros ratones, estos pueden transmitirse f\u00e1cilmente sus microbios intestinales\u201d, se\u00f1alaron los autores. Los investigadores sospecharon entonces que una o m\u00e1s especies de bacterias presentes en el intestino de los ratones mayores&nbsp;<strong>podr\u00edan estar causando el deterioro cognitivo<\/strong>.<\/p>\n\n\n\n<h2 class=\"wp-block-heading\">La apuesta por una bacteria<\/h2>\n\n\n\n<p>Acto seguido, colonizaron ratones j\u00f3venes con diversas especies bacterianas, pero se centraron en una en particular,&nbsp;<em>Parabacteroides goldsteinii<\/em>. Cuando el equipo trasplant\u00f3 esta bacteria a ratones j\u00f3venes,&nbsp;<strong>empeor\u00f3 su capacidad para recordar<\/strong>&nbsp;objetos que hab\u00edan visto antes.<\/p>\n\n\n\n<p>A su vez, al administrar a ratones viejos<strong>&nbsp;antibi\u00f3ticos<\/strong>&nbsp;que eliminaron sus bacterias intestinales o una terapia con fagos que mat\u00f3 a P. goldsteinii&nbsp;<strong>mejor\u00f3 el rendimiento<\/strong>&nbsp;de los animales en la misma tarea, a niveles comparables a los de ratones j\u00f3venes y sanos.<img loading=\"lazy\" decoding=\"async\" alt=\"El art\u00edculo de Nature abre una nueva esperanza contra el deterioro cognitivo. Foto: Shutterstock\" width=\"720\" height=\"480\" src=\"https:\/\/www.clarin.com\/img\/2023\/07\/20\/AfKRMkIm2_720x0__1.jpg\">El art\u00edculo de Nature abre una nueva esperanza contra el deterioro cognitivo. Foto: Shutterstock<\/p>\n\n\n\n<p>Eduard Chen, que describe en Nature el procedimiento, se\u00f1ala que \u201ccuando los investigadores analizaron P. goldsteinii se dieron cuenta de que la bacteria produce&nbsp;<strong>altas cantidades de \u00e1cidos grasos&nbsp;<\/strong>de cadena media, un tipo de mol\u00e9cula que las bacterias producen para formar sus membranas celulares y como subproducto del metabolismo. Los \u00e1cidos grasos de cadena media activan las c\u00e9lulas inmunitarias llamadas macr\u00f3fagos a trav\u00e9s de un receptor, GPR84, en la superficie celular\u201d.<\/p>\n\n\n\n<p>Finalmente, mediante otra serie de experimentos que incluyeron la obtenci\u00f3n de im\u00e1genes cerebrales de ratones y la inhibici\u00f3n o activaci\u00f3n de los nervios sensoriales de los animales, el equipo descubri\u00f3 que los macr\u00f3fagos, al activarse,<strong>&nbsp;liberaban mol\u00e9culas inflamatorias<\/strong>. Estas mol\u00e9culas suprim\u00edan la se\u00f1alizaci\u00f3n a lo largo del nervio vago,&nbsp;<strong>circuito que conecta el cerebro&nbsp;<\/strong>con \u00f3rganos como el intestino.<\/p>\n\n\n\n<p>\u201cLa consecuencia posterior de las bacterias es<strong>&nbsp;bloquear la comunicaci\u00f3n entre el intestino y el cerebro<\/strong>, lo que conduce a este deterioro cognitivo\u201d, afirm\u00f3 otra de las coautoras, Maayan Levy, inmun\u00f3loga de la Universidad de Stanford. \u201cEsta es una evidencia concreta de que el microbioma es realmente importante para el envejecimiento cerebral\u201d, finaliz\u00f3 John Cryan, neurocient\u00edfico del University College Cork, en Irlanda. Y desliz\u00f3 que las terapias aplicadas al intestino podr\u00edan&nbsp;<strong>detener o revertir el deterioro relacionado con el envejecimiento<\/strong>&nbsp;en el cerebro \u201cmediante la dieta\u201d.<\/p>\n","protected":false},"excerpt":{"rendered":"<p>Un trabajo publicado en Nature identific\u00f3 una bacteria intestinal que prolifera con el envejecimiento y&#8230;<\/p>\n","protected":false},"author":2,"featured_media":0,"comment_status":"open","ping_status":"open","sticky":false,"template":"","format":"standard","meta":{"footnotes":""},"categories":[40],"tags":[39],"class_list":["post-44252","post","type-post","status-publish","format-standard","hentry","category-sociedad","tag-sociedad"],"_links":{"self":[{"href":"https:\/\/tendenciaspoliticas.com\/index.php?rest_route=\/wp\/v2\/posts\/44252","targetHints":{"allow":["GET"]}}],"collection":[{"href":"https:\/\/tendenciaspoliticas.com\/index.php?rest_route=\/wp\/v2\/posts"}],"about":[{"href":"https:\/\/tendenciaspoliticas.com\/index.php?rest_route=\/wp\/v2\/types\/post"}],"author":[{"embeddable":true,"href":"https:\/\/tendenciaspoliticas.com\/index.php?rest_route=\/wp\/v2\/users\/2"}],"replies":[{"embeddable":true,"href":"https:\/\/tendenciaspoliticas.com\/index.php?rest_route=%2Fwp%2Fv2%2Fcomments&post=44252"}],"version-history":[{"count":1,"href":"https:\/\/tendenciaspoliticas.com\/index.php?rest_route=\/wp\/v2\/posts\/44252\/revisions"}],"predecessor-version":[{"id":44253,"href":"https:\/\/tendenciaspoliticas.com\/index.php?rest_route=\/wp\/v2\/posts\/44252\/revisions\/44253"}],"wp:attachment":[{"href":"https:\/\/tendenciaspoliticas.com\/index.php?rest_route=%2Fwp%2Fv2%2Fmedia&parent=44252"}],"wp:term":[{"taxonomy":"category","embeddable":true,"href":"https:\/\/tendenciaspoliticas.com\/index.php?rest_route=%2Fwp%2Fv2%2Fcategories&post=44252"},{"taxonomy":"post_tag","embeddable":true,"href":"https:\/\/tendenciaspoliticas.com\/index.php?rest_route=%2Fwp%2Fv2%2Ftags&post=44252"}],"curies":[{"name":"wp","href":"https:\/\/api.w.org\/{rel}","templated":true}]}}