{"id":44249,"date":"2026-03-13T16:14:00","date_gmt":"2026-03-13T19:14:00","guid":{"rendered":"https:\/\/tendenciaspoliticas.com\/?p=44249"},"modified":"2026-03-12T20:17:14","modified_gmt":"2026-03-12T23:17:14","slug":"volco-un-camion-con-fernet-en-entre-rios-y-vecinos-se-llevaron-parte-de-la-carga","status":"publish","type":"post","link":"https:\/\/tendenciaspoliticas.com\/?p=44249","title":{"rendered":"Volc\u00f3 un cami\u00f3n con fernet en Entre R\u00edos y vecinos se llevaron parte de la carga"},"content":{"rendered":"\n<p><em>El accidente ocurri\u00f3 cerca de Victoria y no dej\u00f3 heridos. El propietario del cargamento autoriz\u00f3 a los vecinos a retirar las botellas que quedaron desparramadas tras el vuelco.<\/em><\/p>\n\n\n\n<figure class=\"wp-block-image size-full\"><img loading=\"lazy\" decoding=\"async\" width=\"720\" height=\"438\" src=\"https:\/\/tendenciaspoliticas.com\/wp-content\/uploads\/2026\/03\/image-193.png\" alt=\"\" class=\"wp-image-44250\" srcset=\"https:\/\/tendenciaspoliticas.com\/wp-content\/uploads\/2026\/03\/image-193.png 720w, https:\/\/tendenciaspoliticas.com\/wp-content\/uploads\/2026\/03\/image-193-300x183.png 300w\" sizes=\"auto, (max-width: 720px) 100vw, 720px\" \/><\/figure>\n\n\n\n<p>Un cami\u00f3n que transportaba botellas de Fernet volc\u00f3 cerca de la ciudad de Victoria, Entre R\u00edos, Argentina y parte de la carga termin\u00f3 en manos de vecinos que se acercaron al lugar tras el accidente.<\/p>\n\n\n\n<p>El siniestro ocurri\u00f3 sobre un tramo cercano a la Ruta Provincial 11, en direcci\u00f3n a Rosario. Seg\u00fan informaron fuentes policiales, el cami\u00f3n \u2014un Mercedes\u2011Benz\u2014 choc\u00f3 desde atr\u00e1s a una camioneta utilitaria Renault Kangoo que circulaba por una variante vial en las afueras de la ciudad.<\/p>\n\n\n\n<p>Tras el impacto, el cami\u00f3n se desplaz\u00f3 hacia la banquina y volc\u00f3 sobre el pasto, lo que provoc\u00f3 que decenas de botellas de la bebida quedaran desparramadas en la zona.<\/p>\n\n\n\n<p>El accidente no dej\u00f3 heridos de gravedad. Los ocupantes de la Kangoo, un hombre y su esposa oriundos de C\u00f3rdoba, fueron trasladados al Hospital Salaberry para observaci\u00f3n, mientras que el conductor del cami\u00f3n sufri\u00f3 algunos golpes leves.<\/p>\n\n\n\n<p>Minutos despu\u00e9s del vuelco, vecinos de la zona comenzaron a juntar parte de las botellas. Seg\u00fan se inform\u00f3, el propietario de la carga autoriz\u00f3 que fueran retiradas, ya que el cargamento estaba asegurado. Adem\u00e1s, muchos envases eran de pl\u00e1stico, lo que permiti\u00f3 que una parte importante de la mercader\u00eda no se rompiera.<\/p>\n\n\n\n<p>Videos tomados por automovilistas que pasaban por el lugar se viralizaron en redes sociales y mostraron a decenas de personas recolectando botellas a la vera de la ruta.<\/p>\n\n\n\n<p>En el lugar trabajaron efectivos policiales y equipos de emergencia que ordenaron el tr\u00e1nsito, afectado temporalmente por los envases rotos y los veh\u00edculos detenidos. La Unidad Fiscal de Entre R\u00edos fue notificada del hecho y deber\u00e1 determinar las responsabilidades del accidente.<\/p>\n\n\n\n<p>Horas despu\u00e9s del episodio, en redes sociales comenzaron a aparecer publicaciones de venta de fernet en la zona, con avisos informales que ofrec\u00edan la bebida recuperada del cargamento.<\/p>\n","protected":false},"excerpt":{"rendered":"<p>El accidente ocurri\u00f3 cerca de Victoria y no dej\u00f3 heridos. El propietario del cargamento autoriz\u00f3&#8230;<\/p>\n","protected":false},"author":2,"featured_media":0,"comment_status":"open","ping_status":"open","sticky":false,"template":"","format":"standard","meta":{"footnotes":""},"categories":[12,13],"tags":[17],"class_list":["post-44249","post","type-post","status-publish","format-standard","hentry","category-tendencia-en-x","category-ultima-noticia","tag-tendencia-en-x"],"_links":{"self":[{"href":"https:\/\/tendenciaspoliticas.com\/index.php?rest_route=\/wp\/v2\/posts\/44249","targetHints":{"allow":["GET"]}}],"collection":[{"href":"https:\/\/tendenciaspoliticas.com\/index.php?rest_route=\/wp\/v2\/posts"}],"about":[{"href":"https:\/\/tendenciaspoliticas.com\/index.php?rest_route=\/wp\/v2\/types\/post"}],"author":[{"embeddable":true,"href":"https:\/\/tendenciaspoliticas.com\/index.php?rest_route=\/wp\/v2\/users\/2"}],"replies":[{"embeddable":true,"href":"https:\/\/tendenciaspoliticas.com\/index.php?rest_route=%2Fwp%2Fv2%2Fcomments&post=44249"}],"version-history":[{"count":1,"href":"https:\/\/tendenciaspoliticas.com\/index.php?rest_route=\/wp\/v2\/posts\/44249\/revisions"}],"predecessor-version":[{"id":44251,"href":"https:\/\/tendenciaspoliticas.com\/index.php?rest_route=\/wp\/v2\/posts\/44249\/revisions\/44251"}],"wp:attachment":[{"href":"https:\/\/tendenciaspoliticas.com\/index.php?rest_route=%2Fwp%2Fv2%2Fmedia&parent=44249"}],"wp:term":[{"taxonomy":"category","embeddable":true,"href":"https:\/\/tendenciaspoliticas.com\/index.php?rest_route=%2Fwp%2Fv2%2Fcategories&post=44249"},{"taxonomy":"post_tag","embeddable":true,"href":"https:\/\/tendenciaspoliticas.com\/index.php?rest_route=%2Fwp%2Fv2%2Ftags&post=44249"}],"curies":[{"name":"wp","href":"https:\/\/api.w.org\/{rel}","templated":true}]}}