{"id":44246,"date":"2026-03-13T04:13:00","date_gmt":"2026-03-13T07:13:00","guid":{"rendered":"https:\/\/tendenciaspoliticas.com\/?p=44246"},"modified":"2026-03-12T20:14:39","modified_gmt":"2026-03-12T23:14:39","slug":"identificaron-restos-de-12-desaparecidos-de-la-dictadura-hallados-en-el-ex-centro-clandestino-la-perla","status":"publish","type":"post","link":"https:\/\/tendenciaspoliticas.com\/?p=44246","title":{"rendered":"Identificaron restos de 12 desaparecidos de la dictadura hallados en el ex centro clandestino La Perla"},"content":{"rendered":"\n<p><em>Los restos fueron encontrados en excavaciones realizadas en el cuartel militar de La Calera y la Justicia informar\u00e1 las identidades cuando se contacten con las familias.<\/em><\/p>\n\n\n\n<figure class=\"wp-block-image size-large\"><img loading=\"lazy\" decoding=\"async\" width=\"1024\" height=\"505\" src=\"https:\/\/tendenciaspoliticas.com\/wp-content\/uploads\/2026\/03\/image-192-1024x505.png\" alt=\"\" class=\"wp-image-44247\" srcset=\"https:\/\/tendenciaspoliticas.com\/wp-content\/uploads\/2026\/03\/image-192-1024x505.png 1024w, https:\/\/tendenciaspoliticas.com\/wp-content\/uploads\/2026\/03\/image-192-300x148.png 300w, https:\/\/tendenciaspoliticas.com\/wp-content\/uploads\/2026\/03\/image-192-768x379.png 768w, https:\/\/tendenciaspoliticas.com\/wp-content\/uploads\/2026\/03\/image-192.png 1256w\" sizes=\"auto, (max-width: 1024px) 100vw, 1024px\" \/><\/figure>\n\n\n\n<p>La Justicia identific\u00f3 los restos de 12 personas que permanec\u00edan desaparecidas desde la \u00faltima dictadura militar y que fueron halladas en el ex centro clandestino de detenci\u00f3n La Perla, uno de los principales sitios de represi\u00f3n ilegal del pa\u00eds.<\/p>\n\n\n\n<p>Los restos \u00f3seos hab\u00edan sido descubiertos en 2025 durante excavaciones arqueol\u00f3gicas realizadas en el cuartel militar de La Calera por el Equipo Argentino de Antropolog\u00eda Forense (EAAF). El trabajo permiti\u00f3 identificar a las v\u00edctimas a partir del an\u00e1lisis de los restos encontrados en la zona conocida como \u201cLoma del Torito\u201d.<\/p>\n\n\n\n<p>La informaci\u00f3n fue confirmada por el Juzgado Federal N.\u00ba 3 de C\u00f3rdoba, a cargo del juez Miguel Hugo Vaca Narvaja. Seg\u00fan indicaron desde el tribunal, en los pr\u00f3ximos d\u00edas se dar\u00e1n a conocer los nombres de las personas identificadas, una vez que se establezca contacto con sus familias y se consulte si desean que las identidades sean difundidas p\u00fablicamente.<\/p>\n\n\n\n<p>Las excavaciones se realizaron entre septiembre y noviembre de 2025 en el \u00e1rea donde actualmente funciona la Reserva Natural Militar La Calera. Durante los trabajos se hallaron restos humanos desarticulados y evidencias de antiguas fosas que, seg\u00fan testimonios judiciales, habr\u00edan sido removidas para trasladar los cuerpos.<\/p>\n\n\n\n<p>Las tareas contaron con la colaboraci\u00f3n del Departamento de Geolog\u00eda de la Universidad Nacional de R\u00edo Cuarto y del Servicio de Antropolog\u00eda Forense del Poder Judicial de C\u00f3rdoba. En total se excavaron unas cuatro hect\u00e1reas del predio.<\/p>\n\n\n\n<p>Los investigadores prev\u00e9n continuar con nuevas prospecciones durante 2026 en otras dos hect\u00e1reas del \u00e1rea, con el objetivo de localizar m\u00e1s restos de v\u00edctimas del terrorismo de Estado.<\/p>\n\n\n\n<p>De acuerdo con estimaciones judiciales, entre 2.000 y 2.500 personas pasaron por el centro clandestino de La Perla entre 1976 y 1978, la mayor\u00eda de las cuales a\u00fan permanecen desaparecidas.<\/p>\n","protected":false},"excerpt":{"rendered":"<p>Los restos fueron encontrados en excavaciones realizadas en el cuartel militar de La Calera y&#8230;<\/p>\n","protected":false},"author":2,"featured_media":0,"comment_status":"open","ping_status":"open","sticky":false,"template":"","format":"standard","meta":{"footnotes":""},"categories":[40,13],"tags":[39],"class_list":["post-44246","post","type-post","status-publish","format-standard","hentry","category-sociedad","category-ultima-noticia","tag-sociedad"],"_links":{"self":[{"href":"https:\/\/tendenciaspoliticas.com\/index.php?rest_route=\/wp\/v2\/posts\/44246","targetHints":{"allow":["GET"]}}],"collection":[{"href":"https:\/\/tendenciaspoliticas.com\/index.php?rest_route=\/wp\/v2\/posts"}],"about":[{"href":"https:\/\/tendenciaspoliticas.com\/index.php?rest_route=\/wp\/v2\/types\/post"}],"author":[{"embeddable":true,"href":"https:\/\/tendenciaspoliticas.com\/index.php?rest_route=\/wp\/v2\/users\/2"}],"replies":[{"embeddable":true,"href":"https:\/\/tendenciaspoliticas.com\/index.php?rest_route=%2Fwp%2Fv2%2Fcomments&post=44246"}],"version-history":[{"count":1,"href":"https:\/\/tendenciaspoliticas.com\/index.php?rest_route=\/wp\/v2\/posts\/44246\/revisions"}],"predecessor-version":[{"id":44248,"href":"https:\/\/tendenciaspoliticas.com\/index.php?rest_route=\/wp\/v2\/posts\/44246\/revisions\/44248"}],"wp:attachment":[{"href":"https:\/\/tendenciaspoliticas.com\/index.php?rest_route=%2Fwp%2Fv2%2Fmedia&parent=44246"}],"wp:term":[{"taxonomy":"category","embeddable":true,"href":"https:\/\/tendenciaspoliticas.com\/index.php?rest_route=%2Fwp%2Fv2%2Fcategories&post=44246"},{"taxonomy":"post_tag","embeddable":true,"href":"https:\/\/tendenciaspoliticas.com\/index.php?rest_route=%2Fwp%2Fv2%2Ftags&post=44246"}],"curies":[{"name":"wp","href":"https:\/\/api.w.org\/{rel}","templated":true}]}}