{"id":44243,"date":"2026-03-13T04:13:00","date_gmt":"2026-03-13T07:13:00","guid":{"rendered":"https:\/\/tendenciaspoliticas.com\/?p=44243"},"modified":"2026-03-12T20:13:54","modified_gmt":"2026-03-12T23:13:54","slug":"caputo-explico-por-que-la-inflacion-no-baja-desde-hace-nueve-meses-y-hablo-de-una-correccion-de-precios-relativos","status":"publish","type":"post","link":"https:\/\/tendenciaspoliticas.com\/?p=44243","title":{"rendered":"Caputo explic\u00f3 por qu\u00e9 la inflaci\u00f3n no baja desde hace nueve meses y habl\u00f3 de una \u201ccorrecci\u00f3n de precios relativos\u201d"},"content":{"rendered":"\n<p><em>El ministro de Econom\u00eda sostuvo que el proceso responde a distorsiones acumuladas durante d\u00e9cadas y defendi\u00f3 el programa econ\u00f3mico tras conocerse el dato de inflaci\u00f3n de febrero.<\/em><\/p>\n\n\n\n<figure class=\"wp-block-image size-large\"><img loading=\"lazy\" decoding=\"async\" width=\"1024\" height=\"505\" src=\"https:\/\/tendenciaspoliticas.com\/wp-content\/uploads\/2026\/03\/image-191-1024x505.png\" alt=\"\" class=\"wp-image-44244\" srcset=\"https:\/\/tendenciaspoliticas.com\/wp-content\/uploads\/2026\/03\/image-191-1024x505.png 1024w, https:\/\/tendenciaspoliticas.com\/wp-content\/uploads\/2026\/03\/image-191-300x148.png 300w, https:\/\/tendenciaspoliticas.com\/wp-content\/uploads\/2026\/03\/image-191-768x379.png 768w, https:\/\/tendenciaspoliticas.com\/wp-content\/uploads\/2026\/03\/image-191.png 1256w\" sizes=\"auto, (max-width: 1024px) 100vw, 1024px\" \/><\/figure>\n\n\n\n<p>El ministro de Econom\u00eda, Luis Caputo, explic\u00f3 por qu\u00e9 la inflaci\u00f3n se mantiene sin descender desde hace nueve meses y atribuy\u00f3 el fen\u00f3meno al proceso de ajuste de precios relativos que atraviesa la econom\u00eda argentina.<\/p>\n\n\n\n<p>Las declaraciones del funcionario se produjeron luego de que el Instituto Nacional de Estad\u00edstica y Censos (INDEC) informara que el \u00cdndice de Precios al Consumidor registr\u00f3 una suba del 2,9% en febrero, el mismo nivel que en enero. Con este resultado, la inflaci\u00f3n interanual alcanz\u00f3 el 33,1%.<\/p>\n\n\n\n<p>Seg\u00fan sostuvo Caputo, la econom\u00eda argentina \u201ctodav\u00eda se encuentra en un proceso de correcci\u00f3n de precios relativos\u201d, luego de m\u00e1s de dos d\u00e9cadas de distorsiones que, afirm\u00f3, generaron estancamiento en la actividad econ\u00f3mica, el empleo y una tendencia inflacionaria creciente.<\/p>\n\n\n\n<p>El ministro remarc\u00f3 que esta etapa forma parte de una \u201ccorrecci\u00f3n fundamental para asegurar el orden macroecon\u00f3mico\u201d y generar condiciones para un crecimiento sostenido. En ese marco, destac\u00f3 que el nivel de actividad registr\u00f3 una suba del 10,3% en el Estimador Mensual de Actividad Econ\u00f3mica entre diciembre de 2023 y diciembre de 2025.<\/p>\n\n\n\n<p>Caputo se\u00f1al\u00f3 adem\u00e1s que el programa econ\u00f3mico del Gobierno se basa en tres pilares: el equilibrio fiscal, el control estricto de la cantidad de dinero y la mejora en el balance del Banco Central de la Rep\u00fablica Argentina. Seg\u00fan indic\u00f3, estas medidas permitir\u00e1n que la inflaci\u00f3n converja \u201cpor primera vez en d\u00e9cadas a niveles internacionales\u201d.<\/p>\n\n\n\n<p>El Gobierno viene sosteniendo que la inflaci\u00f3n podr\u00eda llegar a cero hacia agosto de este a\u00f1o. En ese contexto, Caputo confirm\u00f3 recientemente la incorporaci\u00f3n a su equipo del economista uruguayo Ernesto Talvi como colaborador. Talvi tuvo un rol en el proceso de estabilizaci\u00f3n inflacionaria de Uruguay durante la d\u00e9cada de 1990.<\/p>\n\n\n\n<p>El dato de inflaci\u00f3n de febrero fue adem\u00e1s el segundo que se publica tras la salida de Marco Lavagna de la conducci\u00f3n del INDEC. El exfuncionario hab\u00eda impulsado la implementaci\u00f3n de un nuevo \u00edndice de precios que reemplazara al actual, cuya metodolog\u00eda tiene alrededor de 20 a\u00f1os de antig\u00fcedad.<\/p>\n\n\n\n<p>Tras su salida, el organismo qued\u00f3 a cargo de Pedro Ignacio Lines, quien confirm\u00f3 la suspensi\u00f3n del nuevo IPC por el momento. Sin embargo, dentro del instituto se eval\u00faan alternativas para actualizar el indicador, entre ellas la elaboraci\u00f3n de una nueva canasta de consumo basada en datos m\u00e1s recientes o la adopci\u00f3n de un sistema din\u00e1mico similar al utilizado en Espa\u00f1a, que ajusta peri\u00f3dicamente los ponderadores seg\u00fan los cambios en los h\u00e1bitos de consumo.<\/p>\n","protected":false},"excerpt":{"rendered":"<p>El ministro de Econom\u00eda sostuvo que el proceso responde a distorsiones acumuladas durante d\u00e9cadas y&#8230;<\/p>\n","protected":false},"author":2,"featured_media":0,"comment_status":"open","ping_status":"open","sticky":false,"template":"","format":"standard","meta":{"footnotes":""},"categories":[10,13],"tags":[15],"class_list":["post-44243","post","type-post","status-publish","format-standard","hentry","category-economia","category-ultima-noticia","tag-economia"],"_links":{"self":[{"href":"https:\/\/tendenciaspoliticas.com\/index.php?rest_route=\/wp\/v2\/posts\/44243","targetHints":{"allow":["GET"]}}],"collection":[{"href":"https:\/\/tendenciaspoliticas.com\/index.php?rest_route=\/wp\/v2\/posts"}],"about":[{"href":"https:\/\/tendenciaspoliticas.com\/index.php?rest_route=\/wp\/v2\/types\/post"}],"author":[{"embeddable":true,"href":"https:\/\/tendenciaspoliticas.com\/index.php?rest_route=\/wp\/v2\/users\/2"}],"replies":[{"embeddable":true,"href":"https:\/\/tendenciaspoliticas.com\/index.php?rest_route=%2Fwp%2Fv2%2Fcomments&post=44243"}],"version-history":[{"count":1,"href":"https:\/\/tendenciaspoliticas.com\/index.php?rest_route=\/wp\/v2\/posts\/44243\/revisions"}],"predecessor-version":[{"id":44245,"href":"https:\/\/tendenciaspoliticas.com\/index.php?rest_route=\/wp\/v2\/posts\/44243\/revisions\/44245"}],"wp:attachment":[{"href":"https:\/\/tendenciaspoliticas.com\/index.php?rest_route=%2Fwp%2Fv2%2Fmedia&parent=44243"}],"wp:term":[{"taxonomy":"category","embeddable":true,"href":"https:\/\/tendenciaspoliticas.com\/index.php?rest_route=%2Fwp%2Fv2%2Fcategories&post=44243"},{"taxonomy":"post_tag","embeddable":true,"href":"https:\/\/tendenciaspoliticas.com\/index.php?rest_route=%2Fwp%2Fv2%2Ftags&post=44243"}],"curies":[{"name":"wp","href":"https:\/\/api.w.org\/{rel}","templated":true}]}}