{"id":44239,"date":"2026-03-13T04:12:00","date_gmt":"2026-03-13T07:12:00","guid":{"rendered":"https:\/\/tendenciaspoliticas.com\/?p=44239"},"modified":"2026-03-12T20:13:13","modified_gmt":"2026-03-12T23:13:13","slug":"dirigentes-del-pj-visitaron-expoagro-y-cuestionaron-al-gobierno-por-la-obra-publica","status":"publish","type":"post","link":"https:\/\/tendenciaspoliticas.com\/?p=44239","title":{"rendered":"Dirigentes del PJ visitaron Expoagro y cuestionaron al Gobierno por la obra p\u00fablica"},"content":{"rendered":"\n<p><em>Referentes del peronismo participaron de la feria agroindustrial y plantearon cr\u00edticas a la gesti\u00f3n nacional, mientras tambi\u00e9n opinaron sobre la pol\u00e9mica por el viaje de Manuel Adorni a Nueva York.<\/em><\/p>\n\n\n\n<figure class=\"wp-block-image size-large\"><img loading=\"lazy\" decoding=\"async\" width=\"1024\" height=\"505\" src=\"https:\/\/tendenciaspoliticas.com\/wp-content\/uploads\/2026\/03\/image-190-1024x505.png\" alt=\"\" class=\"wp-image-44241\" srcset=\"https:\/\/tendenciaspoliticas.com\/wp-content\/uploads\/2026\/03\/image-190-1024x505.png 1024w, https:\/\/tendenciaspoliticas.com\/wp-content\/uploads\/2026\/03\/image-190-300x148.png 300w, https:\/\/tendenciaspoliticas.com\/wp-content\/uploads\/2026\/03\/image-190-768x379.png 768w, https:\/\/tendenciaspoliticas.com\/wp-content\/uploads\/2026\/03\/image-190.png 1256w\" sizes=\"auto, (max-width: 1024px) 100vw, 1024px\" \/><\/figure>\n\n\n\n<p>Dirigentes del peronismo participaron de una nueva jornada de la feria agroindustrial Expoagro y aprovecharon su presencia en el evento para expresar cuestionamientos al Gobierno nacional, principalmente por la paralizaci\u00f3n de la obra p\u00fablica y la situaci\u00f3n de la econom\u00eda.<\/p>\n\n\n\n<p>Entre los referentes que recorrieron la muestra estuvieron el ministro de Infraestructura bonaerense Gabriel Katopodis, el senador Eduardo &#8216;Wado&#8217; de Pedro, el jefe del bloque de diputados de Uni\u00f3n por la Patria Germ\u00e1n Mart\u00ednez y la intendenta en uso de licencia de Quilmes Mayra Mendoza. Tambi\u00e9n participaron dirigentes del conurbano como Gast\u00f3n Granados, Federico Oterm\u00edn y Gustavo Men\u00e9ndez.<\/p>\n\n\n\n<p>La presencia del peronismo en la principal feria del agro argentino se volvi\u00f3 m\u00e1s frecuente en los \u00faltimos a\u00f1os y busca mostrar una mayor cercan\u00eda con el sector productivo. En esta edici\u00f3n, el mensaje com\u00fan de los dirigentes fue cuestionar la pol\u00edtica econ\u00f3mica del Gobierno nacional y advertir sobre el impacto de la paralizaci\u00f3n de obras de infraestructura y la ca\u00edda del empleo industrial.<\/p>\n\n\n\n<p>Durante su visita, Mayra Mendoza tambi\u00e9n se refiri\u00f3 a la pol\u00e9mica generada por el viaje del jefe de Gabinete Manuel Adorni a Nueva York junto a su esposa, un tema que gener\u00f3 debate pol\u00edtico en los \u00faltimos d\u00edas.<\/p>\n\n\n\n<p>La jornada en Expoagro tambi\u00e9n cont\u00f3 con la presencia de diplom\u00e1ticos de distintos pa\u00edses. Entre ellos estuvieron el embajador de Alemania Dieter Laml\u00e9, el representante de Marruecos Fares Yassir, la embajadora de Ecuador Diana Salazar y el embajador de Suecia Torsten Ericsson.<\/p>\n\n\n\n<p>Seg\u00fan comentaron algunos diplom\u00e1ticos y empresarios que recorrieron la feria, el sector agroindustrial muestra actualmente un escenario con \u201cdos caras\u201d. Por un lado, productores con buenas perspectivas de cosecha, acceso a financiamiento y proyectos de inversi\u00f3n; y por otro, sectores industriales que enfrentan mayores dificultades, en parte por la competencia de productos importados.<\/p>\n\n\n\n<p>La visita de los dirigentes opositores contrast\u00f3 con la presencia del jefe de Gobierno porte\u00f1o Jorge Macri, quien enfoc\u00f3 su agenda en temas vinculados con innovaci\u00f3n tecnol\u00f3gica, movilidad el\u00e9ctrica y el desarrollo de energ\u00edas limpias.<\/p>\n\n\n\n<p>La feria contin\u00faa con una nutrida agenda de actividades y reuniones entre empresarios, funcionarios y representantes del sector agroindustrial.<\/p>\n","protected":false},"excerpt":{"rendered":"<p>Referentes del peronismo participaron de la feria agroindustrial y plantearon cr\u00edticas a la gesti\u00f3n nacional,&#8230;<\/p>\n","protected":false},"author":2,"featured_media":0,"comment_status":"open","ping_status":"open","sticky":false,"template":"","format":"standard","meta":{"footnotes":""},"categories":[10,13],"tags":[15],"class_list":["post-44239","post","type-post","status-publish","format-standard","hentry","category-economia","category-ultima-noticia","tag-economia"],"_links":{"self":[{"href":"https:\/\/tendenciaspoliticas.com\/index.php?rest_route=\/wp\/v2\/posts\/44239","targetHints":{"allow":["GET"]}}],"collection":[{"href":"https:\/\/tendenciaspoliticas.com\/index.php?rest_route=\/wp\/v2\/posts"}],"about":[{"href":"https:\/\/tendenciaspoliticas.com\/index.php?rest_route=\/wp\/v2\/types\/post"}],"author":[{"embeddable":true,"href":"https:\/\/tendenciaspoliticas.com\/index.php?rest_route=\/wp\/v2\/users\/2"}],"replies":[{"embeddable":true,"href":"https:\/\/tendenciaspoliticas.com\/index.php?rest_route=%2Fwp%2Fv2%2Fcomments&post=44239"}],"version-history":[{"count":1,"href":"https:\/\/tendenciaspoliticas.com\/index.php?rest_route=\/wp\/v2\/posts\/44239\/revisions"}],"predecessor-version":[{"id":44242,"href":"https:\/\/tendenciaspoliticas.com\/index.php?rest_route=\/wp\/v2\/posts\/44239\/revisions\/44242"}],"wp:attachment":[{"href":"https:\/\/tendenciaspoliticas.com\/index.php?rest_route=%2Fwp%2Fv2%2Fmedia&parent=44239"}],"wp:term":[{"taxonomy":"category","embeddable":true,"href":"https:\/\/tendenciaspoliticas.com\/index.php?rest_route=%2Fwp%2Fv2%2Fcategories&post=44239"},{"taxonomy":"post_tag","embeddable":true,"href":"https:\/\/tendenciaspoliticas.com\/index.php?rest_route=%2Fwp%2Fv2%2Ftags&post=44239"}],"curies":[{"name":"wp","href":"https:\/\/api.w.org\/{rel}","templated":true}]}}