{"id":44236,"date":"2026-03-13T04:11:00","date_gmt":"2026-03-13T07:11:00","guid":{"rendered":"https:\/\/tendenciaspoliticas.com\/?p=44236"},"modified":"2026-03-12T20:12:05","modified_gmt":"2026-03-12T23:12:05","slug":"victoria-villarruel-denuncio-a-luis-petri-y-a-dos-periodistas-por-calumnias-e-injurias","status":"publish","type":"post","link":"https:\/\/tendenciaspoliticas.com\/?p=44236","title":{"rendered":"Victoria Villarruel denunci\u00f3 a Luis Petri y a dos periodistas por calumnias e injurias"},"content":{"rendered":"\n<p><em>La vicepresidenta present\u00f3 acciones judiciales contra el exministro de Defensa y los periodistas Eduardo Feinmann y Pablo Rossi por declaraciones que la vincularon con un supuesto intento de desestabilizaci\u00f3n del Gobierno.<\/em><\/p>\n\n\n\n<figure class=\"wp-block-image size-large\"><img loading=\"lazy\" decoding=\"async\" width=\"1024\" height=\"505\" src=\"https:\/\/tendenciaspoliticas.com\/wp-content\/uploads\/2026\/03\/image-188-1024x505.png\" alt=\"\" class=\"wp-image-44237\" srcset=\"https:\/\/tendenciaspoliticas.com\/wp-content\/uploads\/2026\/03\/image-188-1024x505.png 1024w, https:\/\/tendenciaspoliticas.com\/wp-content\/uploads\/2026\/03\/image-188-300x148.png 300w, https:\/\/tendenciaspoliticas.com\/wp-content\/uploads\/2026\/03\/image-188-768x379.png 768w, https:\/\/tendenciaspoliticas.com\/wp-content\/uploads\/2026\/03\/image-188.png 1256w\" sizes=\"auto, (max-width: 1024px) 100vw, 1024px\" \/><\/figure>\n\n\n\n<p>La vicepresidenta Victoria Villarruel present\u00f3 denuncias judiciales contra el diputado nacional Luis Petri y contra los periodistas Eduardo Feinmann y Pablo Rossi por presuntos delitos de calumnias e injurias, adem\u00e1s de otras acusaciones vinculadas con atentados contra el orden p\u00fablico y amenaza de rebeli\u00f3n.<\/p>\n\n\n\n<p>La presentaci\u00f3n judicial se produjo luego de que Petri afirmara en un programa de televisi\u00f3n que la vicepresidenta hab\u00eda \u201capostado a la ca\u00edda del Gobierno\u201d, una declaraci\u00f3n que Villarruel consider\u00f3 agraviantes y que motiv\u00f3 su denuncia ante la Justicia.<\/p>\n\n\n\n<p>En el escrito presentado, la titular del Senado tambi\u00e9n invoca una posible violaci\u00f3n del art\u00edculo 213 bis del C\u00f3digo Penal, que contempla el delito de \u201ccoerci\u00f3n ideol\u00f3gica\u201d. Esta figura penal prev\u00e9 penas de entre tres y ocho a\u00f1os de prisi\u00f3n para quienes participen en agrupaciones destinadas a imponer ideas o combatir las ajenas mediante la fuerza o el temor.<\/p>\n\n\n\n<p>La denuncia contra Petri fue radicada en el juzgado federal correccional N\u00b02, a cargo del juez Sebasti\u00e1n Ramos. En paralelo, Villarruel present\u00f3 una segunda denuncia contra Feinmann y Rossi, quienes conducen programas informativos en el canal A24, por considerar que tambi\u00e9n incurrieron en expresiones que lesionan su honor.<\/p>\n\n\n\n<p>Ese expediente fue asignado por sorteo al juzgado federal que conduce la magistrada Mar\u00eda Servini.<\/p>\n\n\n\n<p>Seg\u00fan trascendi\u00f3, los periodistas tomaron conocimiento de la denuncia a trav\u00e9s del abogado Gabriel Iezzi, quien se desempe\u00f1a como columnista judicial en el programa que conduce Feinmann y les inform\u00f3 sobre la existencia de la presentaci\u00f3n judicial.<\/p>\n\n\n\n<p>La decisi\u00f3n de Villarruel se produce en un contexto de tensiones pol\u00edticas dentro del oficialismo y marca un nuevo episodio de confrontaci\u00f3n p\u00fablica con dirigentes y figuras medi\u00e1ticas que la cuestionaron en los \u00faltimos d\u00edas.<\/p>\n\n\n\n<p>Las causas quedaron ahora bajo an\u00e1lisis de los tribunales federales, que deber\u00e1n evaluar si corresponde avanzar con la investigaci\u00f3n de los delitos denunciados.<\/p>\n","protected":false},"excerpt":{"rendered":"<p>La vicepresidenta present\u00f3 acciones judiciales contra el exministro de Defensa y los periodistas Eduardo Feinmann&#8230;<\/p>\n","protected":false},"author":2,"featured_media":0,"comment_status":"open","ping_status":"open","sticky":false,"template":"","format":"standard","meta":{"footnotes":""},"categories":[13],"tags":[14],"class_list":["post-44236","post","type-post","status-publish","format-standard","hentry","category-ultima-noticia","tag-politica"],"_links":{"self":[{"href":"https:\/\/tendenciaspoliticas.com\/index.php?rest_route=\/wp\/v2\/posts\/44236","targetHints":{"allow":["GET"]}}],"collection":[{"href":"https:\/\/tendenciaspoliticas.com\/index.php?rest_route=\/wp\/v2\/posts"}],"about":[{"href":"https:\/\/tendenciaspoliticas.com\/index.php?rest_route=\/wp\/v2\/types\/post"}],"author":[{"embeddable":true,"href":"https:\/\/tendenciaspoliticas.com\/index.php?rest_route=\/wp\/v2\/users\/2"}],"replies":[{"embeddable":true,"href":"https:\/\/tendenciaspoliticas.com\/index.php?rest_route=%2Fwp%2Fv2%2Fcomments&post=44236"}],"version-history":[{"count":1,"href":"https:\/\/tendenciaspoliticas.com\/index.php?rest_route=\/wp\/v2\/posts\/44236\/revisions"}],"predecessor-version":[{"id":44238,"href":"https:\/\/tendenciaspoliticas.com\/index.php?rest_route=\/wp\/v2\/posts\/44236\/revisions\/44238"}],"wp:attachment":[{"href":"https:\/\/tendenciaspoliticas.com\/index.php?rest_route=%2Fwp%2Fv2%2Fmedia&parent=44236"}],"wp:term":[{"taxonomy":"category","embeddable":true,"href":"https:\/\/tendenciaspoliticas.com\/index.php?rest_route=%2Fwp%2Fv2%2Fcategories&post=44236"},{"taxonomy":"post_tag","embeddable":true,"href":"https:\/\/tendenciaspoliticas.com\/index.php?rest_route=%2Fwp%2Fv2%2Ftags&post=44236"}],"curies":[{"name":"wp","href":"https:\/\/api.w.org\/{rel}","templated":true}]}}