{"id":44233,"date":"2026-03-13T04:10:00","date_gmt":"2026-03-13T07:10:00","guid":{"rendered":"https:\/\/tendenciaspoliticas.com\/?p=44233"},"modified":"2026-03-12T20:11:20","modified_gmt":"2026-03-12T23:11:20","slug":"una-encuesta-proyecta-una-amplia-ventaja-de-milei-sobre-kicillof-en-un-eventual-balotaje","status":"publish","type":"post","link":"https:\/\/tendenciaspoliticas.com\/?p=44233","title":{"rendered":"Una encuesta proyecta una amplia ventaja de Milei sobre Kicillof en un eventual balotaje"},"content":{"rendered":"\n<p><em>Un estudio nacional de la consultora Opinaia se\u00f1ala que el Presidente obtendr\u00eda 50% frente al 30% del gobernador bonaerense. Tambi\u00e9n midi\u00f3 un escenario de primera vuelta con los candidatos de 2023.<\/em><\/p>\n\n\n\n<figure class=\"wp-block-image size-large\"><img loading=\"lazy\" decoding=\"async\" width=\"1024\" height=\"504\" src=\"https:\/\/tendenciaspoliticas.com\/wp-content\/uploads\/2026\/03\/image-187-1024x504.png\" alt=\"\" class=\"wp-image-44234\" srcset=\"https:\/\/tendenciaspoliticas.com\/wp-content\/uploads\/2026\/03\/image-187-1024x504.png 1024w, https:\/\/tendenciaspoliticas.com\/wp-content\/uploads\/2026\/03\/image-187-300x148.png 300w, https:\/\/tendenciaspoliticas.com\/wp-content\/uploads\/2026\/03\/image-187-768x378.png 768w, https:\/\/tendenciaspoliticas.com\/wp-content\/uploads\/2026\/03\/image-187.png 1256w\" sizes=\"auto, (max-width: 1024px) 100vw, 1024px\" \/><\/figure>\n\n\n\n<p>Un nuevo sondeo nacional de la consultora Opinaia proyecta una amplia ventaja electoral del presidente Javier Milei frente al gobernador bonaerense Axel Kicillof en un eventual balotaje presidencial. Seg\u00fan el estudio, el actual mandatario obtendr\u00eda el 50% de los votos contra el 30% del dirigente opositor, mientras que un 20% de los consultados se manifest\u00f3 indeciso.<\/p>\n\n\n\n<p>La encuesta fue realizada entre el 3 y el 4 de marzo sobre una muestra nacional de 1.000 casos y presenta un margen de error de aproximadamente \u00b13%. El informe, titulado \u201cTerm\u00f3metro Ciudadano\u201d, analiza tanto la situaci\u00f3n pol\u00edtica como el clima econ\u00f3mico y las perspectivas electorales.<\/p>\n\n\n\n<p>Adem\u00e1s del escenario de segunda vuelta, el estudio tambi\u00e9n evalu\u00f3 c\u00f3mo votar\u00eda hoy el electorado si se repitieran los mismos candidatos que compitieron en la primera vuelta presidencial de 2023. En ese caso, Milei liderar\u00eda con el 42% de intenci\u00f3n de voto, seguido por el exministro de Econom\u00eda Sergio Massa con el 21%.<\/p>\n\n\n\n<p>El relevamiento tambi\u00e9n muestra cambios en la distribuci\u00f3n del voto respecto de la elecci\u00f3n anterior. La actual ministra de Seguridad, Patricia Bullrich, que en 2023 hab\u00eda obtenido cerca del 24% de los votos, aparece ahora con un 5% de intenci\u00f3n de voto, con parte de ese electorado inclinado hacia el oficialismo.<\/p>\n\n\n\n<p>Otros dirigentes tambi\u00e9n registran variaciones en el escenario proyectado por la encuesta. El exgobernador cordob\u00e9s Juan Schiaretti aparece con un 4%, mientras que la dirigente de izquierda Myriam Bregman alcanzar\u00eda el 10%. En el estudio se registra adem\u00e1s un 18% de indecisos.<\/p>\n\n\n\n<p>El informe tambi\u00e9n analiza el contexto social y econ\u00f3mico. Entre las principales preocupaciones mencionadas por los encuestados se destacan el desempleo, la pobreza, la corrupci\u00f3n y la inflaci\u00f3n. Seg\u00fan el relevamiento, la evaluaci\u00f3n de la situaci\u00f3n econ\u00f3mica actual sigue siendo mayormente negativa, aunque la gesti\u00f3n del Gobierno mantiene un balance de imagen relativamente favorable.<\/p>\n\n\n\n<p>En ese contexto, el estudio concluye que el oficialismo conserva una posici\u00f3n competitiva en el escenario electoral, en un panorama opositor que todav\u00eda aparece fragmentado y sin un liderazgo consolidado.<\/p>\n","protected":false},"excerpt":{"rendered":"<p>Un estudio nacional de la consultora Opinaia se\u00f1ala que el Presidente obtendr\u00eda 50% frente al&#8230;<\/p>\n","protected":false},"author":2,"featured_media":0,"comment_status":"open","ping_status":"open","sticky":false,"template":"","format":"standard","meta":{"footnotes":""},"categories":[13],"tags":[14],"class_list":["post-44233","post","type-post","status-publish","format-standard","hentry","category-ultima-noticia","tag-politica"],"_links":{"self":[{"href":"https:\/\/tendenciaspoliticas.com\/index.php?rest_route=\/wp\/v2\/posts\/44233","targetHints":{"allow":["GET"]}}],"collection":[{"href":"https:\/\/tendenciaspoliticas.com\/index.php?rest_route=\/wp\/v2\/posts"}],"about":[{"href":"https:\/\/tendenciaspoliticas.com\/index.php?rest_route=\/wp\/v2\/types\/post"}],"author":[{"embeddable":true,"href":"https:\/\/tendenciaspoliticas.com\/index.php?rest_route=\/wp\/v2\/users\/2"}],"replies":[{"embeddable":true,"href":"https:\/\/tendenciaspoliticas.com\/index.php?rest_route=%2Fwp%2Fv2%2Fcomments&post=44233"}],"version-history":[{"count":1,"href":"https:\/\/tendenciaspoliticas.com\/index.php?rest_route=\/wp\/v2\/posts\/44233\/revisions"}],"predecessor-version":[{"id":44235,"href":"https:\/\/tendenciaspoliticas.com\/index.php?rest_route=\/wp\/v2\/posts\/44233\/revisions\/44235"}],"wp:attachment":[{"href":"https:\/\/tendenciaspoliticas.com\/index.php?rest_route=%2Fwp%2Fv2%2Fmedia&parent=44233"}],"wp:term":[{"taxonomy":"category","embeddable":true,"href":"https:\/\/tendenciaspoliticas.com\/index.php?rest_route=%2Fwp%2Fv2%2Fcategories&post=44233"},{"taxonomy":"post_tag","embeddable":true,"href":"https:\/\/tendenciaspoliticas.com\/index.php?rest_route=%2Fwp%2Fv2%2Ftags&post=44233"}],"curies":[{"name":"wp","href":"https:\/\/api.w.org\/{rel}","templated":true}]}}