{"id":44230,"date":"2026-03-13T04:09:00","date_gmt":"2026-03-13T07:09:00","guid":{"rendered":"https:\/\/tendenciaspoliticas.com\/?p=44230"},"modified":"2026-03-12T20:10:27","modified_gmt":"2026-03-12T23:10:27","slug":"la-inflacion-de-febrero-fue-29-y-se-mantiene-en-el-nivel-mas-alto-en-casi-un-ano","status":"publish","type":"post","link":"https:\/\/tendenciaspoliticas.com\/?p=44230","title":{"rendered":"La inflaci\u00f3n de febrero fue 2,9% y se mantiene en el nivel m\u00e1s alto en casi un a\u00f1o"},"content":{"rendered":"\n<p><em>El \u00edndice de precios repiti\u00f3 el dato de enero y acumula nueve meses sin bajar. Las subas en tarifas de servicios y alimentos, especialmente carne, impulsaron el indicador.<\/em><\/p>\n\n\n\n<figure class=\"wp-block-image size-large\"><img loading=\"lazy\" decoding=\"async\" width=\"1024\" height=\"517\" src=\"https:\/\/tendenciaspoliticas.com\/wp-content\/uploads\/2026\/03\/image-186-1024x517.png\" alt=\"\" class=\"wp-image-44231\" srcset=\"https:\/\/tendenciaspoliticas.com\/wp-content\/uploads\/2026\/03\/image-186-1024x517.png 1024w, https:\/\/tendenciaspoliticas.com\/wp-content\/uploads\/2026\/03\/image-186-300x151.png 300w, https:\/\/tendenciaspoliticas.com\/wp-content\/uploads\/2026\/03\/image-186-768x388.png 768w, https:\/\/tendenciaspoliticas.com\/wp-content\/uploads\/2026\/03\/image-186.png 1228w\" sizes=\"auto, (max-width: 1024px) 100vw, 1024px\" \/><\/figure>\n\n\n\n<p>La inflaci\u00f3n de febrero en Argentina fue del 2,9%, el mismo nivel registrado en enero, seg\u00fan inform\u00f3 el Instituto Nacional de Estad\u00edstica y Censos (INDEC). El dato se ubic\u00f3 por encima de las previsiones de consultoras privadas y del propio Gobierno, y confirma que el proceso de desaceleraci\u00f3n de los precios permanece estancado desde mediados del a\u00f1o pasado.<\/p>\n\n\n\n<p>Con este resultado, el \u00edndice de precios acumula una suba interanual de 33,1% y un incremento del 5,9% en los dos primeros meses de 2026. Adem\u00e1s, se mantiene en el nivel m\u00e1s alto desde marzo del a\u00f1o pasado, cuando hab\u00eda alcanzado el 3,7%.<\/p>\n\n\n\n<p>El informe oficial tambi\u00e9n muestra que la inflaci\u00f3n mensual no registra una baja desde mayo de 2025, cuando se ubic\u00f3 en 1,5%. Desde entonces, el indicador fue escalando gradualmente: 1,6% en junio, 1,9% en julio y agosto, 2,1% en septiembre, 2,3% en octubre, 2,5% en noviembre y 2,8% en diciembre, hasta llegar al 2,9% de los primeros meses de 2026.<\/p>\n\n\n\n<p>La inflaci\u00f3n n\u00facleo \u2014que excluye precios regulados y estacionales\u2014 se ubic\u00f3 en 3,1%, dos d\u00e9cimas por encima del \u00edndice general, lo que refleja que la presi\u00f3n inflacionaria contin\u00faa presente en distintos sectores de la econom\u00eda.<\/p>\n\n\n\n<p>Entre los rubros que m\u00e1s aumentaron en febrero se destac\u00f3 vivienda, agua, electricidad, gas y otros combustibles, con una suba del 6,8%. El incremento se explic\u00f3 principalmente por los ajustes en las tarifas de servicios p\u00fablicos y el nuevo esquema de subsidios aplicado por el Gobierno.<\/p>\n\n\n\n<p>En segundo lugar se ubic\u00f3 alimentos y bebidas no alcoh\u00f3licas, con un aumento del 3,3%. En este caso influyeron las subas en verduras y en distintos cortes de carne, que registraron incrementos cercanos al 6,5% en varias regiones del pa\u00eds.<\/p>\n\n\n\n<p>Analistas privados advierten que marzo suele ser un mes estacionalmente m\u00e1s elevado por factores como el inicio del ciclo lectivo y el ajuste en algunos precios regulados. Por eso, estiman que el \u00edndice podr\u00eda ubicarse entre 2,8% y 3%.<\/p>\n\n\n\n<p>De esta manera, la inflaci\u00f3n contin\u00faa lejos de perforar el umbral del 2% mensual, considerado clave por el Gobierno para consolidar el proceso de desinflaci\u00f3n que busca encauzar la pol\u00edtica econ\u00f3mica.<\/p>\n","protected":false},"excerpt":{"rendered":"<p>El \u00edndice de precios repiti\u00f3 el dato de enero y acumula nueve meses sin bajar&#8230;.<\/p>\n","protected":false},"author":2,"featured_media":0,"comment_status":"open","ping_status":"open","sticky":false,"template":"","format":"standard","meta":{"footnotes":""},"categories":[10,13],"tags":[15],"class_list":["post-44230","post","type-post","status-publish","format-standard","hentry","category-economia","category-ultima-noticia","tag-economia"],"_links":{"self":[{"href":"https:\/\/tendenciaspoliticas.com\/index.php?rest_route=\/wp\/v2\/posts\/44230","targetHints":{"allow":["GET"]}}],"collection":[{"href":"https:\/\/tendenciaspoliticas.com\/index.php?rest_route=\/wp\/v2\/posts"}],"about":[{"href":"https:\/\/tendenciaspoliticas.com\/index.php?rest_route=\/wp\/v2\/types\/post"}],"author":[{"embeddable":true,"href":"https:\/\/tendenciaspoliticas.com\/index.php?rest_route=\/wp\/v2\/users\/2"}],"replies":[{"embeddable":true,"href":"https:\/\/tendenciaspoliticas.com\/index.php?rest_route=%2Fwp%2Fv2%2Fcomments&post=44230"}],"version-history":[{"count":1,"href":"https:\/\/tendenciaspoliticas.com\/index.php?rest_route=\/wp\/v2\/posts\/44230\/revisions"}],"predecessor-version":[{"id":44232,"href":"https:\/\/tendenciaspoliticas.com\/index.php?rest_route=\/wp\/v2\/posts\/44230\/revisions\/44232"}],"wp:attachment":[{"href":"https:\/\/tendenciaspoliticas.com\/index.php?rest_route=%2Fwp%2Fv2%2Fmedia&parent=44230"}],"wp:term":[{"taxonomy":"category","embeddable":true,"href":"https:\/\/tendenciaspoliticas.com\/index.php?rest_route=%2Fwp%2Fv2%2Fcategories&post=44230"},{"taxonomy":"post_tag","embeddable":true,"href":"https:\/\/tendenciaspoliticas.com\/index.php?rest_route=%2Fwp%2Fv2%2Ftags&post=44230"}],"curies":[{"name":"wp","href":"https:\/\/api.w.org\/{rel}","templated":true}]}}