{"id":44227,"date":"2026-03-13T04:08:00","date_gmt":"2026-03-13T07:08:00","guid":{"rendered":"https:\/\/tendenciaspoliticas.com\/?p=44227"},"modified":"2026-03-12T20:09:32","modified_gmt":"2026-03-12T23:09:32","slug":"chiqui-tapia-declaro-ante-la-justicia-y-nego-responsabilidades-en-la-causa-por-19-300-millones","status":"publish","type":"post","link":"https:\/\/tendenciaspoliticas.com\/?p=44227","title":{"rendered":"\u201cChiqui\u201d Tapia declar\u00f3 ante la Justicia y neg\u00f3 responsabilidades en la causa por $19.300 millones"},"content":{"rendered":"\n<p><em>El presidente de la AFA present\u00f3 un escrito de 15 p\u00e1ginas ante el juez Diego Amarante y sostuvo que no interviene en la gesti\u00f3n tributaria de la entidad.<\/em><\/p>\n\n\n\n<figure class=\"wp-block-image size-large\"><img loading=\"lazy\" decoding=\"async\" width=\"1024\" height=\"770\" src=\"https:\/\/tendenciaspoliticas.com\/wp-content\/uploads\/2026\/03\/image-185-1024x770.png\" alt=\"\" class=\"wp-image-44228\" srcset=\"https:\/\/tendenciaspoliticas.com\/wp-content\/uploads\/2026\/03\/image-185-1024x770.png 1024w, https:\/\/tendenciaspoliticas.com\/wp-content\/uploads\/2026\/03\/image-185-300x226.png 300w, https:\/\/tendenciaspoliticas.com\/wp-content\/uploads\/2026\/03\/image-185-768x577.png 768w, https:\/\/tendenciaspoliticas.com\/wp-content\/uploads\/2026\/03\/image-185-1536x1155.png 1536w, https:\/\/tendenciaspoliticas.com\/wp-content\/uploads\/2026\/03\/image-185.png 1995w\" sizes=\"auto, (max-width: 1024px) 100vw, 1024px\" \/><\/figure>\n\n\n\n<p><em>El presidente de la AFA present\u00f3 un escrito de 15 p\u00e1ginas ante el juez Diego Amarante y sostuvo que no interviene en la gesti\u00f3n tributaria de la entidad.<\/em><\/p>\n\n\n\n<p>El presidente de la Asociaci\u00f3n del F\u00fatbol Argentino (AFA), Claudio Tapia, se present\u00f3 ante la Justicia en el marco de la causa que investiga la presunta retenci\u00f3n indebida de tributos por unos 19.300 millones de pesos y neg\u00f3 tener responsabilidad directa en la gesti\u00f3n administrativa y tributaria de la entidad.<\/p>\n\n\n\n<p>El dirigente, conocido como \u201cChiqui\u201d Tapia, entreg\u00f3 un escrito de 15 p\u00e1ginas ante el juez en lo Penal Econ\u00f3mico Diego Amarante y opt\u00f3 por no responder preguntas durante la audiencia de indagatoria. Al retirarse de los tribunales, se limit\u00f3 a se\u00f1alar que hab\u00eda cumplido con lo requerido por el magistrado.<\/p>\n\n\n\n<p>En su presentaci\u00f3n judicial, Tapia sostuvo que no tiene \u201cintervenci\u00f3n decisoria\u201d en el pago de impuestos de la organizaci\u00f3n y que su rol dentro de la AFA es principalmente institucional. Seg\u00fan explic\u00f3, las tareas vinculadas a la administraci\u00f3n cotidiana y a la gesti\u00f3n financiera son responsabilidad de otras \u00e1reas dentro de la estructura del organismo.<\/p>\n\n\n\n<p>\u201cEl presidente est\u00e1 primordialmente orientado a las actividades que la AFA desarrolla como miembro de FIFA y CONMEBOL\u201d, argument\u00f3 el dirigente en el escrito. En ese sentido, destac\u00f3 que la entidad cuenta con una estructura organizativa con distintos niveles de responsabilidad que separan a la presidencia de la operatoria administrativa diaria.<\/p>\n\n\n\n<p>Para reforzar su postura, Tapia tambi\u00e9n mencion\u00f3 la cantidad de d\u00edas que pas\u00f3 fuera del pa\u00eds por compromisos institucionales. Seg\u00fan detall\u00f3, durante 2024 estuvo 141 d\u00edas en el exterior, en 2025 permaneci\u00f3 139 d\u00edas fuera de Argentina y en lo que va de 2026 acumul\u00f3 otros 13 d\u00edas de viajes internacionales.<\/p>\n\n\n\n<p>La causa judicial investiga la presunta retenci\u00f3n indebida de impuestos entre marzo de 2024 y septiembre del a\u00f1o pasado, per\u00edodo en el que la AFA habr\u00eda dejado de pagar en plazo tributos vinculados al IVA, Ganancias y aportes patronales.<\/p>\n\n\n\n<p>En su defensa, Tapia sostuvo que no hubo delito porque existen resoluciones vigentes de la administraci\u00f3n nacional que suspenden las ejecuciones fiscales para asociaciones sin fines de lucro, lo que \u2014seg\u00fan su interpretaci\u00f3n\u2014 implicaba que la entidad no estaba obligada a cancelar esos pagos en ese momento.<\/p>\n\n\n\n<p>La investigaci\u00f3n contin\u00faa mientras la Justicia analiza la responsabilidad de los dirigentes involucrados en el manejo financiero de la organizaci\u00f3n.<\/p>\n","protected":false},"excerpt":{"rendered":"<p>El presidente de la AFA present\u00f3 un escrito de 15 p\u00e1ginas ante el juez Diego&#8230;<\/p>\n","protected":false},"author":2,"featured_media":0,"comment_status":"open","ping_status":"open","sticky":false,"template":"","format":"standard","meta":{"footnotes":""},"categories":[13],"tags":[29],"class_list":["post-44227","post","type-post","status-publish","format-standard","hentry","category-ultima-noticia","tag-judiciales"],"_links":{"self":[{"href":"https:\/\/tendenciaspoliticas.com\/index.php?rest_route=\/wp\/v2\/posts\/44227","targetHints":{"allow":["GET"]}}],"collection":[{"href":"https:\/\/tendenciaspoliticas.com\/index.php?rest_route=\/wp\/v2\/posts"}],"about":[{"href":"https:\/\/tendenciaspoliticas.com\/index.php?rest_route=\/wp\/v2\/types\/post"}],"author":[{"embeddable":true,"href":"https:\/\/tendenciaspoliticas.com\/index.php?rest_route=\/wp\/v2\/users\/2"}],"replies":[{"embeddable":true,"href":"https:\/\/tendenciaspoliticas.com\/index.php?rest_route=%2Fwp%2Fv2%2Fcomments&post=44227"}],"version-history":[{"count":1,"href":"https:\/\/tendenciaspoliticas.com\/index.php?rest_route=\/wp\/v2\/posts\/44227\/revisions"}],"predecessor-version":[{"id":44229,"href":"https:\/\/tendenciaspoliticas.com\/index.php?rest_route=\/wp\/v2\/posts\/44227\/revisions\/44229"}],"wp:attachment":[{"href":"https:\/\/tendenciaspoliticas.com\/index.php?rest_route=%2Fwp%2Fv2%2Fmedia&parent=44227"}],"wp:term":[{"taxonomy":"category","embeddable":true,"href":"https:\/\/tendenciaspoliticas.com\/index.php?rest_route=%2Fwp%2Fv2%2Fcategories&post=44227"},{"taxonomy":"post_tag","embeddable":true,"href":"https:\/\/tendenciaspoliticas.com\/index.php?rest_route=%2Fwp%2Fv2%2Ftags&post=44227"}],"curies":[{"name":"wp","href":"https:\/\/api.w.org\/{rel}","templated":true}]}}