{"id":44221,"date":"2026-03-13T04:06:00","date_gmt":"2026-03-13T07:06:00","guid":{"rendered":"https:\/\/tendenciaspoliticas.com\/?p=44221"},"modified":"2026-03-12T20:07:53","modified_gmt":"2026-03-12T23:07:53","slug":"javier-y-karina-milei-respaldaron-a-manuel-adorni-tras-las-criticas-por-el-viaje-con-su-esposa-a-nueva-york","status":"publish","type":"post","link":"https:\/\/tendenciaspoliticas.com\/?p=44221","title":{"rendered":"Javier y Karina Milei respaldaron a Manuel Adorni tras las cr\u00edticas por el viaje con su esposa a Nueva York"},"content":{"rendered":"\n<p><em>El Presidente defendi\u00f3 a su jefe de Gabinete y habl\u00f3 del \u201ccosto marginal\u201d de la pol\u00e9mica, mientras que la secretaria general de la Presidencia expres\u00f3 su \u201capoyo total e incondicional\u201d.<\/em><\/p>\n\n\n\n<figure class=\"wp-block-image size-large\"><img loading=\"lazy\" decoding=\"async\" width=\"1024\" height=\"505\" src=\"https:\/\/tendenciaspoliticas.com\/wp-content\/uploads\/2026\/03\/image-183-1024x505.png\" alt=\"\" class=\"wp-image-44222\" srcset=\"https:\/\/tendenciaspoliticas.com\/wp-content\/uploads\/2026\/03\/image-183-1024x505.png 1024w, https:\/\/tendenciaspoliticas.com\/wp-content\/uploads\/2026\/03\/image-183-300x148.png 300w, https:\/\/tendenciaspoliticas.com\/wp-content\/uploads\/2026\/03\/image-183-768x379.png 768w, https:\/\/tendenciaspoliticas.com\/wp-content\/uploads\/2026\/03\/image-183.png 1256w\" sizes=\"auto, (max-width: 1024px) 100vw, 1024px\" \/><\/figure>\n\n\n\n<p>El presidente Javier Milei y la secretaria general de la Presidencia, Karina Milei, salieron p\u00fablicamente a respaldar al jefe de Gabinete, Manuel Adorni, en medio de la controversia generada por el viaje oficial a Nueva York en el que el funcionario estuvo acompa\u00f1ado por su esposa.<\/p>\n\n\n\n<p>Las cr\u00edticas surgieron luego de que se conociera que Bettina Angeletti, pareja del jefe de ministros, form\u00f3 parte del traslado en el avi\u00f3n presidencial durante la visita a Estados Unidos. Ante la pol\u00e9mica, el mandatario decidi\u00f3 expresar su apoyo a trav\u00e9s de un mensaje en redes sociales.<\/p>\n\n\n\n<p>\u201c\u00c1nimo Adorni\u201d, escribi\u00f3 Milei en la red social X, donde adem\u00e1s defendi\u00f3 la situaci\u00f3n con un argumento econ\u00f3mico. \u201cSi supieran el concepto de costo marginal tendr\u00edan claro que muchas cosas que se dicen no tienen ni el m\u00e1s m\u00ednimo sentido\u201d, sostuvo el Presidente en referencia a las cr\u00edticas que se difundieron en los \u00faltimos d\u00edas.<\/p>\n\n\n\n<p>La primera defensa p\u00fablica del funcionario hab\u00eda llegado horas antes desde su hermana y principal colaboradora pol\u00edtica. Karina Milei manifest\u00f3 su respaldo al jefe de Gabinete con un breve mensaje en el que cuestion\u00f3 las versiones difundidas sobre el tema.<\/p>\n\n\n\n<p>\u201cMi apoyo total e incondicional a Adorni frente a tanta basura medi\u00e1tica. Conozco tu integridad. Eso me alcanza. Siempre con vos\u201d, escribi\u00f3 la funcionaria, en un mensaje que luego fue replicado por el propio Presidente.<\/p>\n\n\n\n<p>Mientras tanto, el jefe de Gabinete insisti\u00f3 en que la presencia de su esposa en el viaje no implic\u00f3 el uso de recursos p\u00fablicos. Seg\u00fan explic\u00f3, el costo del traslado fue cubierto por la familia y no gener\u00f3 gastos adicionales para el Estado.<\/p>\n\n\n\n<p>En paralelo, desde la Presidencia tambi\u00e9n desmintieron la circulaci\u00f3n de una imagen difundida en redes sociales que mostraba supuestamente a Adorni y su esposa realizando compras en Nueva York. La Oficina de Respuesta R\u00e1pida del Gobierno asegur\u00f3 que se trataba de una fotograf\u00eda falsa y calific\u00f3 la situaci\u00f3n como una \u201coperaci\u00f3n medi\u00e1tica\u201d contra el funcionario.<\/p>\n\n\n\n<p>El episodio se produjo en el marco de la agenda oficial del Gobierno en Estados Unidos, donde la delegaci\u00f3n argentina particip\u00f3 de encuentros con empresarios e inversores durante la denominada Argentina Week.<\/p>\n","protected":false},"excerpt":{"rendered":"<p>El Presidente defendi\u00f3 a su jefe de Gabinete y habl\u00f3 del \u201ccosto marginal\u201d de la&#8230;<\/p>\n","protected":false},"author":2,"featured_media":0,"comment_status":"open","ping_status":"open","sticky":false,"template":"","format":"standard","meta":{"footnotes":""},"categories":[1,13],"tags":[14],"class_list":["post-44221","post","type-post","status-publish","format-standard","hentry","category-politica","category-ultima-noticia","tag-politica"],"_links":{"self":[{"href":"https:\/\/tendenciaspoliticas.com\/index.php?rest_route=\/wp\/v2\/posts\/44221","targetHints":{"allow":["GET"]}}],"collection":[{"href":"https:\/\/tendenciaspoliticas.com\/index.php?rest_route=\/wp\/v2\/posts"}],"about":[{"href":"https:\/\/tendenciaspoliticas.com\/index.php?rest_route=\/wp\/v2\/types\/post"}],"author":[{"embeddable":true,"href":"https:\/\/tendenciaspoliticas.com\/index.php?rest_route=\/wp\/v2\/users\/2"}],"replies":[{"embeddable":true,"href":"https:\/\/tendenciaspoliticas.com\/index.php?rest_route=%2Fwp%2Fv2%2Fcomments&post=44221"}],"version-history":[{"count":1,"href":"https:\/\/tendenciaspoliticas.com\/index.php?rest_route=\/wp\/v2\/posts\/44221\/revisions"}],"predecessor-version":[{"id":44223,"href":"https:\/\/tendenciaspoliticas.com\/index.php?rest_route=\/wp\/v2\/posts\/44221\/revisions\/44223"}],"wp:attachment":[{"href":"https:\/\/tendenciaspoliticas.com\/index.php?rest_route=%2Fwp%2Fv2%2Fmedia&parent=44221"}],"wp:term":[{"taxonomy":"category","embeddable":true,"href":"https:\/\/tendenciaspoliticas.com\/index.php?rest_route=%2Fwp%2Fv2%2Fcategories&post=44221"},{"taxonomy":"post_tag","embeddable":true,"href":"https:\/\/tendenciaspoliticas.com\/index.php?rest_route=%2Fwp%2Fv2%2Ftags&post=44221"}],"curies":[{"name":"wp","href":"https:\/\/api.w.org\/{rel}","templated":true}]}}