{"id":44218,"date":"2026-03-13T07:03:00","date_gmt":"2026-03-13T10:03:00","guid":{"rendered":"https:\/\/tendenciaspoliticas.com\/?p=44218"},"modified":"2026-03-12T20:06:37","modified_gmt":"2026-03-12T23:06:37","slug":"manuel-adorni-admitio-que-fue-un-error-su-frase-sobre-el-viaje-a-nueva-york-con-su-esposa","status":"publish","type":"post","link":"https:\/\/tendenciaspoliticas.com\/?p=44218","title":{"rendered":"Manuel Adorni admiti\u00f3 que fue un error su frase sobre el viaje a Nueva York con su esposa"},"content":{"rendered":"\n<figure class=\"wp-block-image size-large\"><img loading=\"lazy\" decoding=\"async\" width=\"1024\" height=\"573\" src=\"https:\/\/tendenciaspoliticas.com\/wp-content\/uploads\/2026\/03\/image-182-1024x573.png\" alt=\"\" class=\"wp-image-44219\" srcset=\"https:\/\/tendenciaspoliticas.com\/wp-content\/uploads\/2026\/03\/image-182-1024x573.png 1024w, https:\/\/tendenciaspoliticas.com\/wp-content\/uploads\/2026\/03\/image-182-300x168.png 300w, https:\/\/tendenciaspoliticas.com\/wp-content\/uploads\/2026\/03\/image-182-768x430.png 768w, https:\/\/tendenciaspoliticas.com\/wp-content\/uploads\/2026\/03\/image-182.png 1440w\" sizes=\"auto, (max-width: 1024px) 100vw, 1024px\" \/><\/figure>\n\n\n\n<p><em>El jefe de Gabinete se refiri\u00f3 nuevamente a la pol\u00e9mica por la presencia de su pareja en la comitiva presidencial y sostuvo que \u201cla palabra no debi\u00f3 ser deslomarse\u201d.<\/em><\/p>\n\n\n\n<p>El jefe de Gabinete, Manuel Adorni, volvi\u00f3 a pronunciarse sobre la pol\u00e9mica generada por su viaje a Estados Unidos junto a su esposa como parte de la comitiva oficial y reconoci\u00f3 que una de las expresiones que utiliz\u00f3 para justificar la situaci\u00f3n fue un error.<\/p>\n\n\n\n<p>En un mensaje publicado en redes sociales, el funcionario admiti\u00f3 que la frase que emple\u00f3 durante una entrevista televisiva no fue adecuada. \u201cLa palabra no debi\u00f3 ser deslomarse. Somos humanos y cometemos errores\u201d, escribi\u00f3 al referirse a sus declaraciones realizadas en un programa en vivo.<\/p>\n\n\n\n<p>La controversia comenz\u00f3 cuando Adorni confirm\u00f3 que su esposa, Bettina Angeletti, lo hab\u00eda acompa\u00f1ado en el viaje a Nueva York a bordo del avi\u00f3n presidencial. En ese momento intent\u00f3 explicar la situaci\u00f3n se\u00f1alando que su trabajo implicaba una gran exigencia y que por eso hab\u00eda querido viajar junto a su pareja.<\/p>\n\n\n\n<p>\u201cYo vengo una semana a deslomarme como todos los que vienen ac\u00e1 a Nueva York. Yo quer\u00eda que mi esposa me acompa\u00f1e, es mi compa\u00f1era de vida\u201d, hab\u00eda afirmado el funcionario durante una entrevista con el canal A24. Aquellas declaraciones generaron cuestionamientos desde distintos sectores pol\u00edticos y medi\u00e1ticos.<\/p>\n\n\n\n<p>En su nuevo mensaje, el jefe de Gabinete sostuvo que en ocasiones \u201cuno puede decir alguna palabra o frase desafortunada en un vivo\u201d y calific\u00f3 ese episodio como un \u201ctropiezo\u201d.<\/p>\n\n\n\n<p>Adorni tambi\u00e9n aprovech\u00f3 su publicaci\u00f3n para agradecer las muestras de apoyo que recibi\u00f3 desde el oficialismo. Entre quienes lo respaldaron se encuentra el presidente Javier Milei, quien le envi\u00f3 un mensaje p\u00fablico de respaldo frente a las cr\u00edticas.<\/p>\n\n\n\n<p>Asimismo, la secretaria general de la Presidencia, Karina Milei, expres\u00f3 su \u201capoyo total e incondicional\u201d al jefe de Gabinete, destacando su \u201cintegridad\u201d en medio de lo que describi\u00f3 como cuestionamientos medi\u00e1ticos.<\/p>\n\n\n\n<p>La pol\u00e9mica se produjo en el marco del viaje de la delegaci\u00f3n argentina a Nueva York, donde el Gobierno mantuvo encuentros con empresarios e inversores internacionales. Mientras tanto, el tema contin\u00faa generando debate pol\u00edtico sobre el uso de recursos oficiales y la integraci\u00f3n de las comitivas en misiones al exterior.<\/p>\n","protected":false},"excerpt":{"rendered":"<p>El jefe de Gabinete se refiri\u00f3 nuevamente a la pol\u00e9mica por la presencia de su&#8230;<\/p>\n","protected":false},"author":2,"featured_media":0,"comment_status":"open","ping_status":"open","sticky":false,"template":"","format":"standard","meta":{"footnotes":""},"categories":[1],"tags":[14],"class_list":["post-44218","post","type-post","status-publish","format-standard","hentry","category-politica","tag-politica"],"_links":{"self":[{"href":"https:\/\/tendenciaspoliticas.com\/index.php?rest_route=\/wp\/v2\/posts\/44218","targetHints":{"allow":["GET"]}}],"collection":[{"href":"https:\/\/tendenciaspoliticas.com\/index.php?rest_route=\/wp\/v2\/posts"}],"about":[{"href":"https:\/\/tendenciaspoliticas.com\/index.php?rest_route=\/wp\/v2\/types\/post"}],"author":[{"embeddable":true,"href":"https:\/\/tendenciaspoliticas.com\/index.php?rest_route=\/wp\/v2\/users\/2"}],"replies":[{"embeddable":true,"href":"https:\/\/tendenciaspoliticas.com\/index.php?rest_route=%2Fwp%2Fv2%2Fcomments&post=44218"}],"version-history":[{"count":1,"href":"https:\/\/tendenciaspoliticas.com\/index.php?rest_route=\/wp\/v2\/posts\/44218\/revisions"}],"predecessor-version":[{"id":44220,"href":"https:\/\/tendenciaspoliticas.com\/index.php?rest_route=\/wp\/v2\/posts\/44218\/revisions\/44220"}],"wp:attachment":[{"href":"https:\/\/tendenciaspoliticas.com\/index.php?rest_route=%2Fwp%2Fv2%2Fmedia&parent=44218"}],"wp:term":[{"taxonomy":"category","embeddable":true,"href":"https:\/\/tendenciaspoliticas.com\/index.php?rest_route=%2Fwp%2Fv2%2Fcategories&post=44218"},{"taxonomy":"post_tag","embeddable":true,"href":"https:\/\/tendenciaspoliticas.com\/index.php?rest_route=%2Fwp%2Fv2%2Ftags&post=44218"}],"curies":[{"name":"wp","href":"https:\/\/api.w.org\/{rel}","templated":true}]}}