{"id":44200,"date":"2026-03-12T08:10:21","date_gmt":"2026-03-12T11:10:21","guid":{"rendered":"https:\/\/tendenciaspoliticas.com\/?p=44200"},"modified":"2026-03-12T08:10:22","modified_gmt":"2026-03-12T11:10:22","slug":"el-dolar-volvio-a-caer-y-perforo-los-1-400-por-primera-vez-en-siete-ruedas","status":"publish","type":"post","link":"https:\/\/tendenciaspoliticas.com\/?p=44200","title":{"rendered":"El d\u00f3lar volvi\u00f3 a caer y perfor\u00f3 los $1.400 por primera vez en siete ruedas"},"content":{"rendered":"\n<h3 class=\"wp-block-heading\"><\/h3>\n\n\n\n<figure class=\"wp-block-image size-full is-resized\"><img loading=\"lazy\" decoding=\"async\" width=\"375\" height=\"211\" src=\"https:\/\/tendenciaspoliticas.com\/wp-content\/uploads\/2026\/03\/image-176.png\" alt=\"\" class=\"wp-image-44201\" style=\"width:790px;height:auto\" srcset=\"https:\/\/tendenciaspoliticas.com\/wp-content\/uploads\/2026\/03\/image-176.png 375w, https:\/\/tendenciaspoliticas.com\/wp-content\/uploads\/2026\/03\/image-176-300x169.png 300w\" sizes=\"auto, (max-width: 375px) 100vw, 375px\" \/><\/figure>\n\n\n\n<p><em>El tipo de cambio oficial se aleja del techo de la banda cambiaria mientras el mercado sigue de cerca el dato de inflaci\u00f3n.<\/em><\/p>\n\n\n\n<p>El d\u00f3lar volvi\u00f3 a retroceder en el mercado cambiario y perfor\u00f3 la barrera de los 1.400 pesos por primera vez en siete jornadas, en una rueda marcada por la expectativa de los inversores sobre los pr\u00f3ximos datos de inflaci\u00f3n.<\/p>\n\n\n\n<p>La ca\u00edda del tipo de cambio oficial refleja una mayor oferta de divisas y un escenario de relativa estabilidad en el mercado, aunque los analistas siguen de cerca los factores que podr\u00edan alterar la tendencia.<\/p>\n\n\n\n<p>Entre ellos se encuentran el contexto internacional, la evoluci\u00f3n de la inflaci\u00f3n local y las decisiones de pol\u00edtica econ\u00f3mica que adopte el Gobierno en los pr\u00f3ximos meses.<\/p>\n\n\n\n<p>La cotizaci\u00f3n se hab\u00eda acercado recientemente al techo de la banda cambiaria, lo que gener\u00f3 preocupaci\u00f3n entre algunos operadores del mercado. Sin embargo, en las \u00faltimas jornadas el precio comenz\u00f3 a retroceder.<\/p>\n\n\n\n<p>El comportamiento del d\u00f3lar es uno de los indicadores m\u00e1s observados por el mercado financiero argentino, ya que tiene impacto directo en las expectativas inflacionarias y en las decisiones de inversi\u00f3n.<\/p>\n\n\n\n<p>Los inversores tambi\u00e9n analizan el escenario internacional, marcado por tensiones geopol\u00edticas y movimientos en el precio del petr\u00f3leo que podr\u00edan afectar los flujos financieros globales.<\/p>\n\n\n\n<p>En este contexto, el mercado espera la publicaci\u00f3n de nuevos datos econ\u00f3micos que permitan evaluar con mayor claridad la evoluci\u00f3n de la econom\u00eda.<\/p>\n\n\n\n<p>Mientras tanto, la ca\u00edda del d\u00f3lar representa una se\u00f1al de alivio en el corto plazo, aunque la volatilidad sigue siendo una caracter\u00edstica del mercado cambiario argentino.<\/p>\n","protected":false},"excerpt":{"rendered":"<p>El tipo de cambio oficial se aleja del techo de la banda cambiaria mientras el&#8230;<\/p>\n","protected":false},"author":2,"featured_media":0,"comment_status":"open","ping_status":"open","sticky":false,"template":"","format":"standard","meta":{"footnotes":""},"categories":[10],"tags":[15],"class_list":["post-44200","post","type-post","status-publish","format-standard","hentry","category-economia","tag-economia"],"_links":{"self":[{"href":"https:\/\/tendenciaspoliticas.com\/index.php?rest_route=\/wp\/v2\/posts\/44200","targetHints":{"allow":["GET"]}}],"collection":[{"href":"https:\/\/tendenciaspoliticas.com\/index.php?rest_route=\/wp\/v2\/posts"}],"about":[{"href":"https:\/\/tendenciaspoliticas.com\/index.php?rest_route=\/wp\/v2\/types\/post"}],"author":[{"embeddable":true,"href":"https:\/\/tendenciaspoliticas.com\/index.php?rest_route=\/wp\/v2\/users\/2"}],"replies":[{"embeddable":true,"href":"https:\/\/tendenciaspoliticas.com\/index.php?rest_route=%2Fwp%2Fv2%2Fcomments&post=44200"}],"version-history":[{"count":1,"href":"https:\/\/tendenciaspoliticas.com\/index.php?rest_route=\/wp\/v2\/posts\/44200\/revisions"}],"predecessor-version":[{"id":44202,"href":"https:\/\/tendenciaspoliticas.com\/index.php?rest_route=\/wp\/v2\/posts\/44200\/revisions\/44202"}],"wp:attachment":[{"href":"https:\/\/tendenciaspoliticas.com\/index.php?rest_route=%2Fwp%2Fv2%2Fmedia&parent=44200"}],"wp:term":[{"taxonomy":"category","embeddable":true,"href":"https:\/\/tendenciaspoliticas.com\/index.php?rest_route=%2Fwp%2Fv2%2Fcategories&post=44200"},{"taxonomy":"post_tag","embeddable":true,"href":"https:\/\/tendenciaspoliticas.com\/index.php?rest_route=%2Fwp%2Fv2%2Ftags&post=44200"}],"curies":[{"name":"wp","href":"https:\/\/api.w.org\/{rel}","templated":true}]}}