{"id":44197,"date":"2026-03-12T16:09:00","date_gmt":"2026-03-12T19:09:00","guid":{"rendered":"https:\/\/tendenciaspoliticas.com\/?p=44197"},"modified":"2026-03-12T08:09:51","modified_gmt":"2026-03-12T11:09:51","slug":"revelan-detalles-del-vuelo-privado-que-tomo-manuel-adorni-con-su-familia-durante-el-feriado-de-carnaval","status":"publish","type":"post","link":"https:\/\/tendenciaspoliticas.com\/?p=44197","title":{"rendered":"Revelan detalles del vuelo privado que tom\u00f3 Manuel Adorni con su familia durante el feriado de carnaval"},"content":{"rendered":"\n<h3 class=\"wp-block-heading\"><\/h3>\n\n\n\n<figure class=\"wp-block-image size-full\"><img loading=\"lazy\" decoding=\"async\" width=\"768\" height=\"432\" src=\"https:\/\/tendenciaspoliticas.com\/wp-content\/uploads\/2026\/03\/image-175.png\" alt=\"\" class=\"wp-image-44198\" srcset=\"https:\/\/tendenciaspoliticas.com\/wp-content\/uploads\/2026\/03\/image-175.png 768w, https:\/\/tendenciaspoliticas.com\/wp-content\/uploads\/2026\/03\/image-175-300x169.png 300w\" sizes=\"auto, (max-width: 768px) 100vw, 768px\" \/><\/figure>\n\n\n\n<p><em>Documentos del viaje muestran que el vocero presidencial se traslad\u00f3 con su esposa, sus hijos y un periodista vinculado a la TV P\u00fablica.<\/em><\/p>\n\n\n\n<p>Nuevos documentos revelaron detalles del vuelo privado que utiliz\u00f3 el vocero presidencial Manuel Adorni durante el feriado de carnaval, un viaje que realiz\u00f3 junto a su familia y que gener\u00f3 cuestionamientos en el \u00e1mbito pol\u00edtico.<\/p>\n\n\n\n<p>Seg\u00fan los registros del traslado, el funcionario viaj\u00f3 acompa\u00f1ado por su esposa, sus hijos y un periodista cercano a \u00e9l que conduce un programa en la Televisi\u00f3n P\u00fablica.<\/p>\n\n\n\n<p>La informaci\u00f3n surgi\u00f3 a partir de documentaci\u00f3n vinculada al vuelo, que permiti\u00f3 reconstruir la lista de pasajeros y los detalles del desplazamiento.<\/p>\n\n\n\n<p>El episodio se suma a la pol\u00e9mica generada por la presencia de familiares de funcionarios en viajes vinculados a actividades oficiales, un tema que en los \u00faltimos d\u00edas gener\u00f3 un intenso debate en el escenario pol\u00edtico.<\/p>\n\n\n\n<p>Desde sectores de la oposici\u00f3n se\u00f1alaron que se trata de una situaci\u00f3n que merece explicaciones y reclamaron mayor transparencia en el uso de recursos y en la organizaci\u00f3n de viajes vinculados a funcionarios del Gobierno.<\/p>\n\n\n\n<p>Por su parte, desde el oficialismo sostuvieron que el traslado se realiz\u00f3 dentro de los marcos administrativos permitidos y que no hubo irregularidades en el procedimiento.<\/p>\n\n\n\n<p>El caso gener\u00f3 repercusiones en el Congreso, donde algunos legisladores impulsan pedidos de informes para conocer los detalles del vuelo y las condiciones en las que se realiz\u00f3.<\/p>\n\n\n\n<p>La discusi\u00f3n se produce en un contexto en el que el Gobierno promueve un discurso de austeridad en el gasto p\u00fablico, lo que amplific\u00f3 el impacto pol\u00edtico del episodio.<\/p>\n","protected":false},"excerpt":{"rendered":"<p>Documentos del viaje muestran que el vocero presidencial se traslad\u00f3 con su esposa, sus hijos&#8230;<\/p>\n","protected":false},"author":2,"featured_media":0,"comment_status":"open","ping_status":"open","sticky":false,"template":"","format":"standard","meta":{"footnotes":""},"categories":[13],"tags":[14],"class_list":["post-44197","post","type-post","status-publish","format-standard","hentry","category-ultima-noticia","tag-politica"],"_links":{"self":[{"href":"https:\/\/tendenciaspoliticas.com\/index.php?rest_route=\/wp\/v2\/posts\/44197","targetHints":{"allow":["GET"]}}],"collection":[{"href":"https:\/\/tendenciaspoliticas.com\/index.php?rest_route=\/wp\/v2\/posts"}],"about":[{"href":"https:\/\/tendenciaspoliticas.com\/index.php?rest_route=\/wp\/v2\/types\/post"}],"author":[{"embeddable":true,"href":"https:\/\/tendenciaspoliticas.com\/index.php?rest_route=\/wp\/v2\/users\/2"}],"replies":[{"embeddable":true,"href":"https:\/\/tendenciaspoliticas.com\/index.php?rest_route=%2Fwp%2Fv2%2Fcomments&post=44197"}],"version-history":[{"count":1,"href":"https:\/\/tendenciaspoliticas.com\/index.php?rest_route=\/wp\/v2\/posts\/44197\/revisions"}],"predecessor-version":[{"id":44199,"href":"https:\/\/tendenciaspoliticas.com\/index.php?rest_route=\/wp\/v2\/posts\/44197\/revisions\/44199"}],"wp:attachment":[{"href":"https:\/\/tendenciaspoliticas.com\/index.php?rest_route=%2Fwp%2Fv2%2Fmedia&parent=44197"}],"wp:term":[{"taxonomy":"category","embeddable":true,"href":"https:\/\/tendenciaspoliticas.com\/index.php?rest_route=%2Fwp%2Fv2%2Fcategories&post=44197"},{"taxonomy":"post_tag","embeddable":true,"href":"https:\/\/tendenciaspoliticas.com\/index.php?rest_route=%2Fwp%2Fv2%2Ftags&post=44197"}],"curies":[{"name":"wp","href":"https:\/\/api.w.org\/{rel}","templated":true}]}}