{"id":44194,"date":"2026-03-12T16:08:00","date_gmt":"2026-03-12T19:08:00","guid":{"rendered":"https:\/\/tendenciaspoliticas.com\/?p=44194"},"modified":"2026-03-12T08:09:11","modified_gmt":"2026-03-12T11:09:11","slug":"roberto-baradel-no-buscara-la-reeleccion-y-se-cierra-un-ciclo-de-18-anos-al-frente-de-suteba","status":"publish","type":"post","link":"https:\/\/tendenciaspoliticas.com\/?p=44194","title":{"rendered":"Roberto Baradel no buscar\u00e1 la reelecci\u00f3n y se cierra un ciclo de 18 a\u00f1os al frente de Suteba"},"content":{"rendered":"\n<h3 class=\"wp-block-heading\"><\/h3>\n\n\n\n<figure class=\"wp-block-image size-full\"><img loading=\"lazy\" decoding=\"async\" width=\"768\" height=\"432\" src=\"https:\/\/tendenciaspoliticas.com\/wp-content\/uploads\/2026\/03\/image-174.png\" alt=\"\" class=\"wp-image-44195\" srcset=\"https:\/\/tendenciaspoliticas.com\/wp-content\/uploads\/2026\/03\/image-174.png 768w, https:\/\/tendenciaspoliticas.com\/wp-content\/uploads\/2026\/03\/image-174-300x169.png 300w\" sizes=\"auto, (max-width: 768px) 100vw, 768px\" \/><\/figure>\n\n\n\n<p><em>El dirigente sindical confirm\u00f3 que no competir\u00e1 nuevamente por la conducci\u00f3n del gremio docente bonaerense.<\/em><\/p>\n\n\n\n<p>Roberto Baradel anunci\u00f3 que no se presentar\u00e1 a la reelecci\u00f3n como secretario general del Sindicato Unificado de Trabajadores de la Educaci\u00f3n de Buenos Aires (Suteba), una decisi\u00f3n que pone fin a un ciclo de 18 a\u00f1os al frente del gremio docente m\u00e1s influyente de la provincia.<\/p>\n\n\n\n<p>El dirigente se convirti\u00f3 en una de las figuras m\u00e1s conocidas del sindicalismo educativo argentino durante casi dos d\u00e9cadas, per\u00edodo en el que protagoniz\u00f3 extensos conflictos salariales y negociaciones con distintos gobiernos provinciales.<\/p>\n\n\n\n<p>Baradel asumi\u00f3 la conducci\u00f3n del sindicato en 2008 y desde entonces fue reelegido en varias oportunidades. Durante su gesti\u00f3n, Suteba tuvo un rol central en las discusiones paritarias docentes y en la defensa de pol\u00edticas vinculadas a la educaci\u00f3n p\u00fablica.<\/p>\n\n\n\n<p>Su figura gan\u00f3 mayor notoriedad durante los gobiernos de Daniel Scioli y Mar\u00eda Eugenia Vidal, cuando encabez\u00f3 largas negociaciones salariales y protagoniz\u00f3 fuertes enfrentamientos con la administraci\u00f3n provincial por el financiamiento del sistema educativo.<\/p>\n\n\n\n<p>El anuncio de que no buscar\u00e1 renovar su mandato abre una nueva etapa dentro del sindicato, que deber\u00e1 definir su futuro liderazgo en las pr\u00f3ximas elecciones internas.<\/p>\n\n\n\n<p>Desde el gremio se\u00f1alaron que el proceso electoral se desarrollar\u00e1 en los pr\u00f3ximos meses y que distintos sectores ya comenzaron a debatir posibles candidaturas.<\/p>\n\n\n\n<p>La salida de Baradel marca el cierre de una etapa en la conducci\u00f3n sindical docente y plantea interrogantes sobre la orientaci\u00f3n que tomar\u00e1 la organizaci\u00f3n en los pr\u00f3ximos a\u00f1os.<\/p>\n\n\n\n<p>Analistas del mundo sindical destacan que el cambio de liderazgo podr\u00eda modificar el equilibrio interno del gremio y redefinir su estrategia frente a los desaf\u00edos del sistema educativo.<\/p>\n","protected":false},"excerpt":{"rendered":"<p>El dirigente sindical confirm\u00f3 que no competir\u00e1 nuevamente por la conducci\u00f3n del gremio docente bonaerense&#8230;.<\/p>\n","protected":false},"author":2,"featured_media":0,"comment_status":"open","ping_status":"open","sticky":false,"template":"","format":"standard","meta":{"footnotes":""},"categories":[1,13],"tags":[14],"class_list":["post-44194","post","type-post","status-publish","format-standard","hentry","category-politica","category-ultima-noticia","tag-politica"],"_links":{"self":[{"href":"https:\/\/tendenciaspoliticas.com\/index.php?rest_route=\/wp\/v2\/posts\/44194","targetHints":{"allow":["GET"]}}],"collection":[{"href":"https:\/\/tendenciaspoliticas.com\/index.php?rest_route=\/wp\/v2\/posts"}],"about":[{"href":"https:\/\/tendenciaspoliticas.com\/index.php?rest_route=\/wp\/v2\/types\/post"}],"author":[{"embeddable":true,"href":"https:\/\/tendenciaspoliticas.com\/index.php?rest_route=\/wp\/v2\/users\/2"}],"replies":[{"embeddable":true,"href":"https:\/\/tendenciaspoliticas.com\/index.php?rest_route=%2Fwp%2Fv2%2Fcomments&post=44194"}],"version-history":[{"count":1,"href":"https:\/\/tendenciaspoliticas.com\/index.php?rest_route=\/wp\/v2\/posts\/44194\/revisions"}],"predecessor-version":[{"id":44196,"href":"https:\/\/tendenciaspoliticas.com\/index.php?rest_route=\/wp\/v2\/posts\/44194\/revisions\/44196"}],"wp:attachment":[{"href":"https:\/\/tendenciaspoliticas.com\/index.php?rest_route=%2Fwp%2Fv2%2Fmedia&parent=44194"}],"wp:term":[{"taxonomy":"category","embeddable":true,"href":"https:\/\/tendenciaspoliticas.com\/index.php?rest_route=%2Fwp%2Fv2%2Fcategories&post=44194"},{"taxonomy":"post_tag","embeddable":true,"href":"https:\/\/tendenciaspoliticas.com\/index.php?rest_route=%2Fwp%2Fv2%2Ftags&post=44194"}],"curies":[{"name":"wp","href":"https:\/\/api.w.org\/{rel}","templated":true}]}}