{"id":44191,"date":"2026-03-12T16:07:00","date_gmt":"2026-03-12T19:07:00","guid":{"rendered":"https:\/\/tendenciaspoliticas.com\/?p=44191"},"modified":"2026-03-12T08:08:33","modified_gmt":"2026-03-12T11:08:33","slug":"cerro-la-historica-linea-148-el-halcon-y-crece-la-incertidumbre-entre-miles-de-pasajeros","status":"publish","type":"post","link":"https:\/\/tendenciaspoliticas.com\/?p=44191","title":{"rendered":"Cerr\u00f3 la hist\u00f3rica l\u00ednea 148 \u201cEl Halc\u00f3n\u201d y crece la incertidumbre entre miles de pasajeros"},"content":{"rendered":"\n<h3 class=\"wp-block-heading\"><\/h3>\n\n\n\n<figure class=\"wp-block-image size-large\"><img loading=\"lazy\" decoding=\"async\" width=\"1024\" height=\"576\" src=\"https:\/\/tendenciaspoliticas.com\/wp-content\/uploads\/2026\/03\/image-173-1024x576.png\" alt=\"\" class=\"wp-image-44192\" srcset=\"https:\/\/tendenciaspoliticas.com\/wp-content\/uploads\/2026\/03\/image-173-1024x576.png 1024w, https:\/\/tendenciaspoliticas.com\/wp-content\/uploads\/2026\/03\/image-173-300x169.png 300w, https:\/\/tendenciaspoliticas.com\/wp-content\/uploads\/2026\/03\/image-173-768x432.png 768w, https:\/\/tendenciaspoliticas.com\/wp-content\/uploads\/2026\/03\/image-173.png 1200w\" sizes=\"auto, (max-width: 1024px) 100vw, 1024px\" \/><\/figure>\n\n\n\n<p><em>La empresa dej\u00f3 de operar tras meses de crisis y trabajadores denuncian que no cobran sus salarios desde diciembre.<\/em><\/p>\n\n\n\n<p>La hist\u00f3rica l\u00ednea de colectivos 148, conocida como \u201cEl Halc\u00f3n\u201d, dej\u00f3 de operar luego de una prolongada crisis empresarial que redujo dr\u00e1sticamente la cantidad de unidades en circulaci\u00f3n.<\/p>\n\n\n\n<p>El servicio un\u00eda Florencio Varela con la Ciudad de Buenos Aires y era utilizado diariamente por miles de pasajeros que ahora enfrentan incertidumbre sobre c\u00f3mo se reorganizar\u00e1 el transporte en ese corredor.<\/p>\n\n\n\n<p>En los \u00faltimos meses la empresa atravesaba serias dificultades operativas. De una flota total de 170 veh\u00edculos, apenas unos 30 continuaban circulando.<\/p>\n\n\n\n<p>La compa\u00f1\u00eda empleaba a cerca de 500 trabajadores, muchos de los cuales denunciaron que no perciben sus salarios desde diciembre.<\/p>\n\n\n\n<p>El cierre gener\u00f3 preocupaci\u00f3n entre usuarios y empleados, ya que a\u00fan no est\u00e1 definido si otras empresas asumir\u00e1n los recorridos que cubr\u00eda la l\u00ednea.<\/p>\n\n\n\n<p>Las autoridades del transporte analizan posibles alternativas para garantizar la continuidad del servicio, aunque todav\u00eda no se anunciaron medidas concretas.<\/p>\n\n\n\n<p>El transporte p\u00fablico en el conurbano bonaerense enfrenta distintos desaf\u00edos vinculados a la situaci\u00f3n econ\u00f3mica de las empresas, el costo de los insumos y la necesidad de sostener la frecuencia de los servicios.<\/p>\n\n\n\n<p>Para los pasajeros habituales de la l\u00ednea 148, la interrupci\u00f3n implica reorganizar sus trayectos diarios hacia el trabajo o el estudio.<\/p>\n\n\n\n<p>Mientras tanto, los trabajadores reclaman soluciones para su situaci\u00f3n laboral y esperan definiciones sobre el futuro de los recorridos que operaba la empresa.<\/p>\n","protected":false},"excerpt":{"rendered":"<p>La empresa dej\u00f3 de operar tras meses de crisis y trabajadores denuncian que no cobran&#8230;<\/p>\n","protected":false},"author":2,"featured_media":0,"comment_status":"open","ping_status":"open","sticky":false,"template":"","format":"standard","meta":{"footnotes":""},"categories":[10,13],"tags":[15],"class_list":["post-44191","post","type-post","status-publish","format-standard","hentry","category-economia","category-ultima-noticia","tag-economia"],"_links":{"self":[{"href":"https:\/\/tendenciaspoliticas.com\/index.php?rest_route=\/wp\/v2\/posts\/44191","targetHints":{"allow":["GET"]}}],"collection":[{"href":"https:\/\/tendenciaspoliticas.com\/index.php?rest_route=\/wp\/v2\/posts"}],"about":[{"href":"https:\/\/tendenciaspoliticas.com\/index.php?rest_route=\/wp\/v2\/types\/post"}],"author":[{"embeddable":true,"href":"https:\/\/tendenciaspoliticas.com\/index.php?rest_route=\/wp\/v2\/users\/2"}],"replies":[{"embeddable":true,"href":"https:\/\/tendenciaspoliticas.com\/index.php?rest_route=%2Fwp%2Fv2%2Fcomments&post=44191"}],"version-history":[{"count":1,"href":"https:\/\/tendenciaspoliticas.com\/index.php?rest_route=\/wp\/v2\/posts\/44191\/revisions"}],"predecessor-version":[{"id":44193,"href":"https:\/\/tendenciaspoliticas.com\/index.php?rest_route=\/wp\/v2\/posts\/44191\/revisions\/44193"}],"wp:attachment":[{"href":"https:\/\/tendenciaspoliticas.com\/index.php?rest_route=%2Fwp%2Fv2%2Fmedia&parent=44191"}],"wp:term":[{"taxonomy":"category","embeddable":true,"href":"https:\/\/tendenciaspoliticas.com\/index.php?rest_route=%2Fwp%2Fv2%2Fcategories&post=44191"},{"taxonomy":"post_tag","embeddable":true,"href":"https:\/\/tendenciaspoliticas.com\/index.php?rest_route=%2Fwp%2Fv2%2Ftags&post=44191"}],"curies":[{"name":"wp","href":"https:\/\/api.w.org\/{rel}","templated":true}]}}