{"id":44179,"date":"2026-03-12T08:05:44","date_gmt":"2026-03-12T11:05:44","guid":{"rendered":"https:\/\/tendenciaspoliticas.com\/?p=44179"},"modified":"2026-03-12T08:05:44","modified_gmt":"2026-03-12T11:05:44","slug":"la-justicia-rechazo-la-cautelar-de-la-cgt-contra-el-traspaso-del-fuero-laboral","status":"publish","type":"post","link":"https:\/\/tendenciaspoliticas.com\/?p=44179","title":{"rendered":"La Justicia rechaz\u00f3 la cautelar de la CGT contra el traspaso del fuero laboral"},"content":{"rendered":"\n<h3 class=\"wp-block-heading\"><\/h3>\n\n\n\n<figure class=\"wp-block-image size-full\"><img loading=\"lazy\" decoding=\"async\" width=\"992\" height=\"661\" src=\"https:\/\/tendenciaspoliticas.com\/wp-content\/uploads\/2026\/03\/image-169.png\" alt=\"\" class=\"wp-image-44180\" srcset=\"https:\/\/tendenciaspoliticas.com\/wp-content\/uploads\/2026\/03\/image-169.png 992w, https:\/\/tendenciaspoliticas.com\/wp-content\/uploads\/2026\/03\/image-169-300x200.png 300w, https:\/\/tendenciaspoliticas.com\/wp-content\/uploads\/2026\/03\/image-169-768x512.png 768w\" sizes=\"auto, (max-width: 992px) 100vw, 992px\" \/><\/figure>\n\n\n\n<p><em>La decisi\u00f3n judicial representa un rev\u00e9s para la central obrera en medio del debate por la reforma laboral impulsada por el Gobierno.<\/em><\/p>\n\n\n\n<p>La Justicia rechaz\u00f3 una medida cautelar presentada por la Confederaci\u00f3n General del Trabajo (CGT) para frenar el traspaso del fuero laboral, una decisi\u00f3n que representa un rev\u00e9s para la central sindical en el marco de la reforma laboral que impulsa el Gobierno.<\/p>\n\n\n\n<p>El planteo de la CGT buscaba suspender la implementaci\u00f3n de cambios en la estructura judicial vinculada a los conflictos laborales. Seg\u00fan argumentaron desde la central obrera, la medida podr\u00eda afectar garant\u00edas y el funcionamiento del sistema de justicia en materia laboral.<\/p>\n\n\n\n<p>Sin embargo, el tribunal consider\u00f3 que no exist\u00edan fundamentos suficientes para conceder la cautelar solicitada y decidi\u00f3 rechazar el pedido.<\/p>\n\n\n\n<p>La resoluci\u00f3n se produce en un contexto de fuerte debate pol\u00edtico y sindical sobre las reformas que el Gobierno promueve en el \u00e1mbito laboral, con el objetivo de modificar distintos aspectos del r\u00e9gimen de trabajo y del sistema judicial que interviene en los conflictos entre empresas y trabajadores.<\/p>\n\n\n\n<p>Desde el Ejecutivo sostienen que las modificaciones buscan modernizar el sistema y reducir los costos asociados a litigios laborales, que seg\u00fan el Gobierno afectan la competitividad de las empresas.<\/p>\n\n\n\n<p>Por su parte, la CGT y otros sectores sindicales advierten que los cambios podr\u00edan debilitar la protecci\u00f3n de los trabajadores y limitar el acceso a la justicia en casos de conflicto.<\/p>\n\n\n\n<p>Tras la decisi\u00f3n judicial, la central obrera analiza los pr\u00f3ximos pasos legales para continuar con su reclamo.<\/p>\n\n\n\n<p>El fallo marca un nuevo cap\u00edtulo en la disputa entre el Gobierno y el movimiento sindical en torno al rumbo de las reformas laborales y al funcionamiento del sistema judicial que regula las relaciones de trabajo en la Argentina.<\/p>\n","protected":false},"excerpt":{"rendered":"<p>La decisi\u00f3n judicial representa un rev\u00e9s para la central obrera en medio del debate por&#8230;<\/p>\n","protected":false},"author":2,"featured_media":0,"comment_status":"open","ping_status":"open","sticky":false,"template":"","format":"standard","meta":{"footnotes":""},"categories":[13],"tags":[14],"class_list":["post-44179","post","type-post","status-publish","format-standard","hentry","category-ultima-noticia","tag-politica"],"_links":{"self":[{"href":"https:\/\/tendenciaspoliticas.com\/index.php?rest_route=\/wp\/v2\/posts\/44179","targetHints":{"allow":["GET"]}}],"collection":[{"href":"https:\/\/tendenciaspoliticas.com\/index.php?rest_route=\/wp\/v2\/posts"}],"about":[{"href":"https:\/\/tendenciaspoliticas.com\/index.php?rest_route=\/wp\/v2\/types\/post"}],"author":[{"embeddable":true,"href":"https:\/\/tendenciaspoliticas.com\/index.php?rest_route=\/wp\/v2\/users\/2"}],"replies":[{"embeddable":true,"href":"https:\/\/tendenciaspoliticas.com\/index.php?rest_route=%2Fwp%2Fv2%2Fcomments&post=44179"}],"version-history":[{"count":1,"href":"https:\/\/tendenciaspoliticas.com\/index.php?rest_route=\/wp\/v2\/posts\/44179\/revisions"}],"predecessor-version":[{"id":44181,"href":"https:\/\/tendenciaspoliticas.com\/index.php?rest_route=\/wp\/v2\/posts\/44179\/revisions\/44181"}],"wp:attachment":[{"href":"https:\/\/tendenciaspoliticas.com\/index.php?rest_route=%2Fwp%2Fv2%2Fmedia&parent=44179"}],"wp:term":[{"taxonomy":"category","embeddable":true,"href":"https:\/\/tendenciaspoliticas.com\/index.php?rest_route=%2Fwp%2Fv2%2Fcategories&post=44179"},{"taxonomy":"post_tag","embeddable":true,"href":"https:\/\/tendenciaspoliticas.com\/index.php?rest_route=%2Fwp%2Fv2%2Ftags&post=44179"}],"curies":[{"name":"wp","href":"https:\/\/api.w.org\/{rel}","templated":true}]}}