{"id":44176,"date":"2026-03-12T08:05:14","date_gmt":"2026-03-12T11:05:14","guid":{"rendered":"https:\/\/tendenciaspoliticas.com\/?p=44176"},"modified":"2026-03-12T08:05:15","modified_gmt":"2026-03-12T11:05:15","slug":"atacan-a-dos-petroleros-en-aguas-de-irak-y-crece-la-tension-en-medio-oriente","status":"publish","type":"post","link":"https:\/\/tendenciaspoliticas.com\/?p=44176","title":{"rendered":"Atacan a dos petroleros en aguas de Irak y crece la tensi\u00f3n en Medio Oriente"},"content":{"rendered":"\n<h3 class=\"wp-block-heading\"><\/h3>\n\n\n\n<figure class=\"wp-block-image size-large\"><img loading=\"lazy\" decoding=\"async\" width=\"1024\" height=\"573\" src=\"https:\/\/tendenciaspoliticas.com\/wp-content\/uploads\/2026\/03\/image-168-1024x573.png\" alt=\"\" class=\"wp-image-44177\" srcset=\"https:\/\/tendenciaspoliticas.com\/wp-content\/uploads\/2026\/03\/image-168-1024x573.png 1024w, https:\/\/tendenciaspoliticas.com\/wp-content\/uploads\/2026\/03\/image-168-300x168.png 300w, https:\/\/tendenciaspoliticas.com\/wp-content\/uploads\/2026\/03\/image-168-768x430.png 768w, https:\/\/tendenciaspoliticas.com\/wp-content\/uploads\/2026\/03\/image-168.png 1440w\" sizes=\"auto, (max-width: 1024px) 100vw, 1024px\" \/><\/figure>\n\n\n\n<p><em>Las autoridades iraqu\u00edes denunciaron una violaci\u00f3n de su soberan\u00eda mientras se desarrollan operaciones de rescate de las tripulaciones.<\/em><\/p>\n\n\n\n<p>La tensi\u00f3n en Medio Oriente volvi\u00f3 a escalar luego de que dos petroleros fueran atacados en aguas territoriales de Irak, un episodio que dej\u00f3 al menos una persona muerta y gener\u00f3 alarma en los mercados energ\u00e9ticos.<\/p>\n\n\n\n<p>Seg\u00fan informaron las autoridades de Bagdad, el ataque habr\u00eda sido perpetrado por fuerzas vinculadas a Ir\u00e1n, lo que fue calificado por el gobierno iraqu\u00ed como \u201cuna violaci\u00f3n de su soberan\u00eda\u201d.<\/p>\n\n\n\n<p>Tras el incidente, se desplegaron operaciones de rescate para asistir a los tripulantes de las embarcaciones afectadas. Equipos de emergencia y unidades navales trabajaron en la zona para evacuar a los marineros y controlar posibles derrames de combustible.<\/p>\n\n\n\n<p>El episodio se produce en un contexto de creciente conflictividad en la regi\u00f3n, donde distintos enfrentamientos militares y ataques a infraestructura energ\u00e9tica elevaron la preocupaci\u00f3n internacional.<\/p>\n\n\n\n<p>Los mercados reaccionaron con volatilidad ante el temor de que el conflicto afecte el suministro global de petr\u00f3leo. Las rutas mar\u00edtimas del Golfo P\u00e9rsico son clave para el transporte de crudo hacia Europa y Asia, por lo que cualquier interrupci\u00f3n puede tener impacto inmediato en los precios.<\/p>\n\n\n\n<p>En paralelo, otros focos de violencia se registran en la regi\u00f3n. L\u00edbano inform\u00f3 que al menos ocho personas murieron en lo que se describe como la peor ofensiva israel\u00ed sobre Beirut en los \u00faltimos meses.<\/p>\n\n\n\n<p>El conjunto de estos episodios refuerza la incertidumbre geopol\u00edtica y aumenta el riesgo de una escalada mayor en Medio Oriente.<\/p>\n\n\n\n<p>Analistas internacionales advierten que la estabilidad de las rutas energ\u00e9ticas es uno de los factores m\u00e1s sensibles para la econom\u00eda global en este momento.<\/p>\n","protected":false},"excerpt":{"rendered":"<p>Las autoridades iraqu\u00edes denunciaron una violaci\u00f3n de su soberan\u00eda mientras se desarrollan operaciones de rescate&#8230;<\/p>\n","protected":false},"author":2,"featured_media":0,"comment_status":"open","ping_status":"open","sticky":false,"template":"","format":"standard","meta":{"footnotes":""},"categories":[11,13],"tags":[16],"class_list":["post-44176","post","type-post","status-publish","format-standard","hentry","category-internacionales","category-ultima-noticia","tag-internacionales"],"_links":{"self":[{"href":"https:\/\/tendenciaspoliticas.com\/index.php?rest_route=\/wp\/v2\/posts\/44176","targetHints":{"allow":["GET"]}}],"collection":[{"href":"https:\/\/tendenciaspoliticas.com\/index.php?rest_route=\/wp\/v2\/posts"}],"about":[{"href":"https:\/\/tendenciaspoliticas.com\/index.php?rest_route=\/wp\/v2\/types\/post"}],"author":[{"embeddable":true,"href":"https:\/\/tendenciaspoliticas.com\/index.php?rest_route=\/wp\/v2\/users\/2"}],"replies":[{"embeddable":true,"href":"https:\/\/tendenciaspoliticas.com\/index.php?rest_route=%2Fwp%2Fv2%2Fcomments&post=44176"}],"version-history":[{"count":1,"href":"https:\/\/tendenciaspoliticas.com\/index.php?rest_route=\/wp\/v2\/posts\/44176\/revisions"}],"predecessor-version":[{"id":44178,"href":"https:\/\/tendenciaspoliticas.com\/index.php?rest_route=\/wp\/v2\/posts\/44176\/revisions\/44178"}],"wp:attachment":[{"href":"https:\/\/tendenciaspoliticas.com\/index.php?rest_route=%2Fwp%2Fv2%2Fmedia&parent=44176"}],"wp:term":[{"taxonomy":"category","embeddable":true,"href":"https:\/\/tendenciaspoliticas.com\/index.php?rest_route=%2Fwp%2Fv2%2Fcategories&post=44176"},{"taxonomy":"post_tag","embeddable":true,"href":"https:\/\/tendenciaspoliticas.com\/index.php?rest_route=%2Fwp%2Fv2%2Ftags&post=44176"}],"curies":[{"name":"wp","href":"https:\/\/api.w.org\/{rel}","templated":true}]}}