{"id":44173,"date":"2026-03-12T08:04:26","date_gmt":"2026-03-12T11:04:26","guid":{"rendered":"https:\/\/tendenciaspoliticas.com\/?p=44173"},"modified":"2026-03-12T08:04:27","modified_gmt":"2026-03-12T11:04:27","slug":"historica-liberacion-de-reservas-32-paises-vuelcan-400-millones-de-barriles-para-frenar-el-precio-del-petroleo","status":"publish","type":"post","link":"https:\/\/tendenciaspoliticas.com\/?p=44173","title":{"rendered":"Hist\u00f3rica liberaci\u00f3n de reservas: 32 pa\u00edses vuelcan 400 millones de barriles para frenar el precio del petr\u00f3leo"},"content":{"rendered":"\n<h3 class=\"wp-block-heading\"><\/h3>\n\n\n\n<figure class=\"wp-block-image size-full\"><img loading=\"lazy\" decoding=\"async\" width=\"720\" height=\"517\" src=\"https:\/\/tendenciaspoliticas.com\/wp-content\/uploads\/2026\/03\/image-167.png\" alt=\"\" class=\"wp-image-44174\" srcset=\"https:\/\/tendenciaspoliticas.com\/wp-content\/uploads\/2026\/03\/image-167.png 720w, https:\/\/tendenciaspoliticas.com\/wp-content\/uploads\/2026\/03\/image-167-300x215.png 300w\" sizes=\"auto, (max-width: 720px) 100vw, 720px\" \/><\/figure>\n\n\n\n<p><em>El G7 y la Agencia Internacional de Energ\u00eda coordinaron una respuesta global ante la crisis energ\u00e9tica generada por el conflicto en Medio Oriente.<\/em><\/p>\n\n\n\n<p>En una medida sin precedentes, 32 pa\u00edses acordaron liberar cerca de 400 millones de barriles de petr\u00f3leo de sus reservas estrat\u00e9gicas con el objetivo de estabilizar el mercado energ\u00e9tico internacional.<\/p>\n\n\n\n<p>La decisi\u00f3n fue anunciada tras una cumbre convocada por el presidente franc\u00e9s Emmanuel Macron, en la que participaron l\u00edderes del G7 y representantes de la Agencia Internacional de Energ\u00eda (AIE).<\/p>\n\n\n\n<p>El plan busca frenar la fuerte suba del precio del crudo provocada por las tensiones en Medio Oriente y el bloqueo del estrat\u00e9gico Estrecho de Ormuz, una de las principales rutas mar\u00edtimas del comercio mundial de petr\u00f3leo.<\/p>\n\n\n\n<p>Entre los pa\u00edses que impulsaron la iniciativa se destacan Alemania y Jap\u00f3n, que promovieron una respuesta coordinada para evitar que la crisis energ\u00e9tica se profundice.<\/p>\n\n\n\n<p>La liberaci\u00f3n de reservas estrat\u00e9gicas es una herramienta utilizada por los gobiernos para intervenir en el mercado en situaciones de emergencia, cuando los precios del petr\u00f3leo registran aumentos abruptos o se producen interrupciones en el suministro.<\/p>\n\n\n\n<p>En este caso, el volumen anunciado representa una de las intervenciones m\u00e1s grandes de la historia del mercado energ\u00e9tico.<\/p>\n\n\n\n<p>Los analistas sostienen que la medida busca enviar una se\u00f1al de tranquilidad a los mercados y evitar que el precio del crudo contin\u00fae escalando, lo que podr\u00eda generar presiones inflacionarias en distintas econom\u00edas.<\/p>\n\n\n\n<p>El conflicto en Medio Oriente y los ataques contra instalaciones y rutas petroleras generaron preocupaci\u00f3n entre los pa\u00edses consumidores, que temen un impacto global en el suministro energ\u00e9tico.<\/p>\n\n\n\n<p>En ese contexto, la coordinaci\u00f3n internacional apunta a garantizar la estabilidad del mercado mientras contin\u00faan las negociaciones diplom\u00e1ticas para reducir las tensiones en la regi\u00f3n.<\/p>\n","protected":false},"excerpt":{"rendered":"<p>El G7 y la Agencia Internacional de Energ\u00eda coordinaron una respuesta global ante la crisis&#8230;<\/p>\n","protected":false},"author":2,"featured_media":0,"comment_status":"open","ping_status":"open","sticky":false,"template":"","format":"standard","meta":{"footnotes":""},"categories":[10,13],"tags":[15],"class_list":["post-44173","post","type-post","status-publish","format-standard","hentry","category-economia","category-ultima-noticia","tag-economia"],"_links":{"self":[{"href":"https:\/\/tendenciaspoliticas.com\/index.php?rest_route=\/wp\/v2\/posts\/44173","targetHints":{"allow":["GET"]}}],"collection":[{"href":"https:\/\/tendenciaspoliticas.com\/index.php?rest_route=\/wp\/v2\/posts"}],"about":[{"href":"https:\/\/tendenciaspoliticas.com\/index.php?rest_route=\/wp\/v2\/types\/post"}],"author":[{"embeddable":true,"href":"https:\/\/tendenciaspoliticas.com\/index.php?rest_route=\/wp\/v2\/users\/2"}],"replies":[{"embeddable":true,"href":"https:\/\/tendenciaspoliticas.com\/index.php?rest_route=%2Fwp%2Fv2%2Fcomments&post=44173"}],"version-history":[{"count":1,"href":"https:\/\/tendenciaspoliticas.com\/index.php?rest_route=\/wp\/v2\/posts\/44173\/revisions"}],"predecessor-version":[{"id":44175,"href":"https:\/\/tendenciaspoliticas.com\/index.php?rest_route=\/wp\/v2\/posts\/44173\/revisions\/44175"}],"wp:attachment":[{"href":"https:\/\/tendenciaspoliticas.com\/index.php?rest_route=%2Fwp%2Fv2%2Fmedia&parent=44173"}],"wp:term":[{"taxonomy":"category","embeddable":true,"href":"https:\/\/tendenciaspoliticas.com\/index.php?rest_route=%2Fwp%2Fv2%2Fcategories&post=44173"},{"taxonomy":"post_tag","embeddable":true,"href":"https:\/\/tendenciaspoliticas.com\/index.php?rest_route=%2Fwp%2Fv2%2Ftags&post=44173"}],"curies":[{"name":"wp","href":"https:\/\/api.w.org\/{rel}","templated":true}]}}