{"id":44167,"date":"2026-03-12T08:03:12","date_gmt":"2026-03-12T11:03:12","guid":{"rendered":"https:\/\/tendenciaspoliticas.com\/?p=44167"},"modified":"2026-03-12T08:03:13","modified_gmt":"2026-03-12T11:03:13","slug":"polemica-por-la-presencia-de-la-esposa-de-adorni-en-la-comitiva-oficial-en-nueva-york","status":"publish","type":"post","link":"https:\/\/tendenciaspoliticas.com\/?p=44167","title":{"rendered":"Pol\u00e9mica por la presencia de la esposa de Adorni en la comitiva oficial en Nueva York"},"content":{"rendered":"\n<h3 class=\"wp-block-heading\"><\/h3>\n\n\n\n<figure class=\"wp-block-image size-full\"><img loading=\"lazy\" decoding=\"async\" width=\"880\" height=\"586\" src=\"https:\/\/tendenciaspoliticas.com\/wp-content\/uploads\/2026\/03\/image-165.png\" alt=\"\" class=\"wp-image-44168\" srcset=\"https:\/\/tendenciaspoliticas.com\/wp-content\/uploads\/2026\/03\/image-165.png 880w, https:\/\/tendenciaspoliticas.com\/wp-content\/uploads\/2026\/03\/image-165-300x200.png 300w, https:\/\/tendenciaspoliticas.com\/wp-content\/uploads\/2026\/03\/image-165-768x511.png 768w\" sizes=\"auto, (max-width: 880px) 100vw, 880px\" \/><\/figure>\n\n\n\n<p><em>El viaje gener\u00f3 cuestionamientos pol\u00edticos y pedidos de informes en el Congreso sobre los criterios para integrar la delegaci\u00f3n.<\/em><\/p>\n\n\n\n<p>La presencia de la esposa del vocero presidencial Manuel Adorni en la comitiva oficial que viaj\u00f3 a Nueva York gener\u00f3 una fuerte pol\u00e9mica pol\u00edtica y deriv\u00f3 en pedidos de informes por parte de legisladores de la oposici\u00f3n.<\/p>\n\n\n\n<p>El tema tom\u00f3 relevancia luego de que trascendiera que la pareja del funcionario form\u00f3 parte del viaje que incluy\u00f3 reuniones con empresarios e inversores durante la denominada Argentina Week.<\/p>\n\n\n\n<p>Ante las cr\u00edticas, el jefe de Gabinete sali\u00f3 a justificar la situaci\u00f3n y explic\u00f3 que la participaci\u00f3n se realiz\u00f3 dentro de los m\u00e1rgenes administrativos del viaje oficial.<\/p>\n\n\n\n<p>Sin embargo, desde distintos sectores pol\u00edticos reclamaron explicaciones m\u00e1s detalladas sobre los criterios utilizados para integrar la delegaci\u00f3n y sobre los gastos vinculados al desplazamiento.<\/p>\n\n\n\n<p>La pol\u00e9mica se amplific\u00f3 en redes sociales y gener\u00f3 cruces entre dirigentes oficialistas y opositores. Algunos legisladores anunciaron que presentar\u00e1n pedidos formales de informaci\u00f3n para conocer la composici\u00f3n completa de la comitiva y el financiamiento del viaje.<\/p>\n\n\n\n<p>El episodio tambi\u00e9n se inscribe en un contexto de creciente escrutinio p\u00fablico sobre el uso de recursos del Estado y los viajes oficiales de funcionarios.<\/p>\n\n\n\n<p>Desde el Gobierno buscaron minimizar la controversia y sostuvieron que se trata de una discusi\u00f3n pol\u00edtica sin fundamento.<\/p>\n\n\n\n<p>A pesar de ello, el tema contin\u00faa generando repercusiones y podr\u00eda derivar en debates parlamentarios si avanzan los pedidos de informes impulsados por la oposici\u00f3n.<\/p>\n\n\n\n<p>La controversia refleja adem\u00e1s el clima de tensi\u00f3n pol\u00edtica que atraviesa el escenario nacional, donde cada decisi\u00f3n del Ejecutivo es analizada con lupa por distintos sectores del arco pol\u00edtico.<\/p>\n","protected":false},"excerpt":{"rendered":"<p>El viaje gener\u00f3 cuestionamientos pol\u00edticos y pedidos de informes en el Congreso sobre los criterios&#8230;<\/p>\n","protected":false},"author":2,"featured_media":0,"comment_status":"open","ping_status":"open","sticky":false,"template":"","format":"standard","meta":{"footnotes":""},"categories":[1],"tags":[14],"class_list":["post-44167","post","type-post","status-publish","format-standard","hentry","category-politica","tag-politica"],"_links":{"self":[{"href":"https:\/\/tendenciaspoliticas.com\/index.php?rest_route=\/wp\/v2\/posts\/44167","targetHints":{"allow":["GET"]}}],"collection":[{"href":"https:\/\/tendenciaspoliticas.com\/index.php?rest_route=\/wp\/v2\/posts"}],"about":[{"href":"https:\/\/tendenciaspoliticas.com\/index.php?rest_route=\/wp\/v2\/types\/post"}],"author":[{"embeddable":true,"href":"https:\/\/tendenciaspoliticas.com\/index.php?rest_route=\/wp\/v2\/users\/2"}],"replies":[{"embeddable":true,"href":"https:\/\/tendenciaspoliticas.com\/index.php?rest_route=%2Fwp%2Fv2%2Fcomments&post=44167"}],"version-history":[{"count":1,"href":"https:\/\/tendenciaspoliticas.com\/index.php?rest_route=\/wp\/v2\/posts\/44167\/revisions"}],"predecessor-version":[{"id":44169,"href":"https:\/\/tendenciaspoliticas.com\/index.php?rest_route=\/wp\/v2\/posts\/44167\/revisions\/44169"}],"wp:attachment":[{"href":"https:\/\/tendenciaspoliticas.com\/index.php?rest_route=%2Fwp%2Fv2%2Fmedia&parent=44167"}],"wp:term":[{"taxonomy":"category","embeddable":true,"href":"https:\/\/tendenciaspoliticas.com\/index.php?rest_route=%2Fwp%2Fv2%2Fcategories&post=44167"},{"taxonomy":"post_tag","embeddable":true,"href":"https:\/\/tendenciaspoliticas.com\/index.php?rest_route=%2Fwp%2Fv2%2Ftags&post=44167"}],"curies":[{"name":"wp","href":"https:\/\/api.w.org\/{rel}","templated":true}]}}