{"id":44164,"date":"2026-03-12T08:02:37","date_gmt":"2026-03-12T11:02:37","guid":{"rendered":"https:\/\/tendenciaspoliticas.com\/?p=44164"},"modified":"2026-03-12T08:02:38","modified_gmt":"2026-03-12T11:02:38","slug":"la-uia-cuestiono-a-milei-y-hablo-de-un-agravio-injusto-contra-los-empresarios","status":"publish","type":"post","link":"https:\/\/tendenciaspoliticas.com\/?p=44164","title":{"rendered":"La UIA cuestion\u00f3 a Milei y habl\u00f3 de un \u201cagravio injusto\u201d contra los empresarios"},"content":{"rendered":"\n<h3 class=\"wp-block-heading\"><\/h3>\n\n\n\n<figure class=\"wp-block-image size-large\"><img loading=\"lazy\" decoding=\"async\" width=\"1024\" height=\"573\" src=\"https:\/\/tendenciaspoliticas.com\/wp-content\/uploads\/2026\/03\/image-164-1024x573.png\" alt=\"\" class=\"wp-image-44165\" srcset=\"https:\/\/tendenciaspoliticas.com\/wp-content\/uploads\/2026\/03\/image-164-1024x573.png 1024w, https:\/\/tendenciaspoliticas.com\/wp-content\/uploads\/2026\/03\/image-164-300x168.png 300w, https:\/\/tendenciaspoliticas.com\/wp-content\/uploads\/2026\/03\/image-164-768x430.png 768w, https:\/\/tendenciaspoliticas.com\/wp-content\/uploads\/2026\/03\/image-164.png 1440w\" sizes=\"auto, (max-width: 1024px) 100vw, 1024px\" \/><\/figure>\n\n\n\n<p><em>La entidad industrial expres\u00f3 su malestar tras las cr\u00edticas del Presidente al empresariado argentino durante su exposici\u00f3n en Nueva York.<\/em><\/p>\n\n\n\n<p>La Uni\u00f3n Industrial Argentina (UIA) manifest\u00f3 su \u201cmalestar y preocupaci\u00f3n\u201d luego de las cr\u00edticas formuladas por el presidente Javier Milei contra empresarios argentinos durante su participaci\u00f3n en actividades en Nueva York.<\/p>\n\n\n\n<p>Desde la entidad se\u00f1alaron que los cuestionamientos del mandatario representan un \u201cagravio injusto\u201d hacia el sector productivo y remarcaron la necesidad de mantener un di\u00e1logo constructivo entre el Gobierno y la industria.<\/p>\n\n\n\n<p>Las declaraciones del Presidente se produjeron durante una serie de encuentros con inversores y empresarios en Estados Unidos, donde cuestion\u00f3 a algunos grupos empresarios locales y los acus\u00f3 de haber buscado privilegios o protecci\u00f3n del Estado durante a\u00f1os.<\/p>\n\n\n\n<p>La respuesta de la UIA no tard\u00f3 en llegar. En un comunicado, la organizaci\u00f3n sostuvo que el sector industrial realiza un aporte fundamental a la econom\u00eda del pa\u00eds mediante la generaci\u00f3n de empleo, inversi\u00f3n y desarrollo tecnol\u00f3gico.<\/p>\n\n\n\n<p>Los industriales tambi\u00e9n se\u00f1alaron que la Argentina necesita promover un clima de cooperaci\u00f3n entre el sector p\u00fablico y el privado para impulsar el crecimiento econ\u00f3mico.<\/p>\n\n\n\n<p>El intercambio se da en un contexto de tensiones entre el Gobierno y algunos actores del empresariado local. Mientras la administraci\u00f3n de Milei impulsa un programa de reformas econ\u00f3micas y desregulaci\u00f3n, distintos sectores industriales plantean preocupaciones sobre el impacto de las medidas en la producci\u00f3n.<\/p>\n\n\n\n<p>La UIA reiter\u00f3 su disposici\u00f3n a mantener espacios de di\u00e1logo con las autoridades para discutir pol\u00edticas que favorezcan la competitividad y el desarrollo industrial.<\/p>\n\n\n\n<p>En ese marco, la entidad remarc\u00f3 que el pa\u00eds enfrenta desaf\u00edos estructurales que requieren consensos amplios entre el Estado, las empresas y los trabajadores.<\/p>\n\n\n\n<p>El episodio volvi\u00f3 a poner en evidencia las diferencias entre el Gobierno y parte del sector industrial sobre el rumbo econ\u00f3mico y el rol del Estado en la actividad productiva.<\/p>\n","protected":false},"excerpt":{"rendered":"<p>La entidad industrial expres\u00f3 su malestar tras las cr\u00edticas del Presidente al empresariado argentino durante&#8230;<\/p>\n","protected":false},"author":2,"featured_media":0,"comment_status":"open","ping_status":"open","sticky":false,"template":"","format":"standard","meta":{"footnotes":""},"categories":[10,13],"tags":[15],"class_list":["post-44164","post","type-post","status-publish","format-standard","hentry","category-economia","category-ultima-noticia","tag-economia"],"_links":{"self":[{"href":"https:\/\/tendenciaspoliticas.com\/index.php?rest_route=\/wp\/v2\/posts\/44164","targetHints":{"allow":["GET"]}}],"collection":[{"href":"https:\/\/tendenciaspoliticas.com\/index.php?rest_route=\/wp\/v2\/posts"}],"about":[{"href":"https:\/\/tendenciaspoliticas.com\/index.php?rest_route=\/wp\/v2\/types\/post"}],"author":[{"embeddable":true,"href":"https:\/\/tendenciaspoliticas.com\/index.php?rest_route=\/wp\/v2\/users\/2"}],"replies":[{"embeddable":true,"href":"https:\/\/tendenciaspoliticas.com\/index.php?rest_route=%2Fwp%2Fv2%2Fcomments&post=44164"}],"version-history":[{"count":1,"href":"https:\/\/tendenciaspoliticas.com\/index.php?rest_route=\/wp\/v2\/posts\/44164\/revisions"}],"predecessor-version":[{"id":44166,"href":"https:\/\/tendenciaspoliticas.com\/index.php?rest_route=\/wp\/v2\/posts\/44164\/revisions\/44166"}],"wp:attachment":[{"href":"https:\/\/tendenciaspoliticas.com\/index.php?rest_route=%2Fwp%2Fv2%2Fmedia&parent=44164"}],"wp:term":[{"taxonomy":"category","embeddable":true,"href":"https:\/\/tendenciaspoliticas.com\/index.php?rest_route=%2Fwp%2Fv2%2Fcategories&post=44164"},{"taxonomy":"post_tag","embeddable":true,"href":"https:\/\/tendenciaspoliticas.com\/index.php?rest_route=%2Fwp%2Fv2%2Ftags&post=44164"}],"curies":[{"name":"wp","href":"https:\/\/api.w.org\/{rel}","templated":true}]}}