{"id":44161,"date":"2026-03-12T08:02:09","date_gmt":"2026-03-12T11:02:09","guid":{"rendered":"https:\/\/tendenciaspoliticas.com\/?p=44161"},"modified":"2026-03-12T08:02:10","modified_gmt":"2026-03-12T11:02:10","slug":"corrupcion-en-la-afa-pablo-toviggino-se-nego-a-declarar-ante-la-justicia","status":"publish","type":"post","link":"https:\/\/tendenciaspoliticas.com\/?p=44161","title":{"rendered":"Corrupci\u00f3n en la AFA: Pablo Toviggino se neg\u00f3 a declarar ante la Justicia"},"content":{"rendered":"\n<h3 class=\"wp-block-heading\"><\/h3>\n\n\n\n<figure class=\"wp-block-image size-full\"><img loading=\"lazy\" decoding=\"async\" width=\"768\" height=\"431\" src=\"https:\/\/tendenciaspoliticas.com\/wp-content\/uploads\/2026\/03\/image-163.png\" alt=\"\" class=\"wp-image-44162\" srcset=\"https:\/\/tendenciaspoliticas.com\/wp-content\/uploads\/2026\/03\/image-163.png 768w, https:\/\/tendenciaspoliticas.com\/wp-content\/uploads\/2026\/03\/image-163-300x168.png 300w\" sizes=\"auto, (max-width: 768px) 100vw, 768px\" \/><\/figure>\n\n\n\n<p><em>El tesorero de la AFA present\u00f3 un escrito ante el juez y neg\u00f3 haber cometido delitos en una causa que tambi\u00e9n involucra a dirigentes del f\u00fatbol.<\/em><\/p>\n\n\n\n<p>La investigaci\u00f3n judicial por presuntas irregularidades en la Asociaci\u00f3n del F\u00fatbol Argentino (AFA) sum\u00f3 un nuevo cap\u00edtulo luego de que el tesorero de la entidad, Pablo Toviggino, se negara a declarar ante la Justicia.<\/p>\n\n\n\n<p>El dirigente se present\u00f3 en los tribunales pero opt\u00f3 por entregar un escrito en el que rechaz\u00f3 las acusaciones en su contra. En el documento sostuvo que no cometi\u00f3 ning\u00fan delito y cuestion\u00f3 los argumentos de la investigaci\u00f3n.<\/p>\n\n\n\n<p>La llegada de Toviggino a los tribunales estuvo marcada por un clima tenso y momentos de tumulto, con presencia de periodistas y manifestaciones en las inmediaciones del edificio judicial.<\/p>\n\n\n\n<p>La causa investiga presuntas maniobras irregulares vinculadas a la administraci\u00f3n del f\u00fatbol argentino. El expediente involucra a varios dirigentes y analiza posibles delitos relacionados con el manejo de fondos y contratos dentro de la estructura de la AFA.<\/p>\n\n\n\n<p>Tras la presentaci\u00f3n del tesorero, la atenci\u00f3n se centra ahora en la declaraci\u00f3n del presidente de la entidad, Claudio Tapia, prevista para las pr\u00f3ximas horas. Luego de esa instancia, el juez deber\u00e1 resolver si procesa a los involucrados o si considera que no existen elementos suficientes para avanzar con la causa.<\/p>\n\n\n\n<p>El caso gener\u00f3 repercusiones pol\u00edticas y deportivas, ya que se trata de una de las investigaciones m\u00e1s sensibles que enfrenta la conducci\u00f3n del f\u00fatbol argentino en los \u00faltimos a\u00f1os.<\/p>\n\n\n\n<p>En el entorno de la AFA se\u00f1alaron que los dirigentes conf\u00edan en que la Justicia esclarecer\u00e1 los hechos y sostienen que las acusaciones carecen de fundamento.<\/p>\n\n\n\n<p>Sin embargo, el expediente contin\u00faa abierto y el juez eval\u00faa la documentaci\u00f3n y los testimonios reunidos hasta el momento para determinar los pr\u00f3ximos pasos del proceso judicial.<\/p>\n","protected":false},"excerpt":{"rendered":"<p>El tesorero de la AFA present\u00f3 un escrito ante el juez y neg\u00f3 haber cometido&#8230;<\/p>\n","protected":false},"author":2,"featured_media":0,"comment_status":"open","ping_status":"open","sticky":false,"template":"","format":"standard","meta":{"footnotes":""},"categories":[1],"tags":[14],"class_list":["post-44161","post","type-post","status-publish","format-standard","hentry","category-politica","tag-politica"],"_links":{"self":[{"href":"https:\/\/tendenciaspoliticas.com\/index.php?rest_route=\/wp\/v2\/posts\/44161","targetHints":{"allow":["GET"]}}],"collection":[{"href":"https:\/\/tendenciaspoliticas.com\/index.php?rest_route=\/wp\/v2\/posts"}],"about":[{"href":"https:\/\/tendenciaspoliticas.com\/index.php?rest_route=\/wp\/v2\/types\/post"}],"author":[{"embeddable":true,"href":"https:\/\/tendenciaspoliticas.com\/index.php?rest_route=\/wp\/v2\/users\/2"}],"replies":[{"embeddable":true,"href":"https:\/\/tendenciaspoliticas.com\/index.php?rest_route=%2Fwp%2Fv2%2Fcomments&post=44161"}],"version-history":[{"count":1,"href":"https:\/\/tendenciaspoliticas.com\/index.php?rest_route=\/wp\/v2\/posts\/44161\/revisions"}],"predecessor-version":[{"id":44163,"href":"https:\/\/tendenciaspoliticas.com\/index.php?rest_route=\/wp\/v2\/posts\/44161\/revisions\/44163"}],"wp:attachment":[{"href":"https:\/\/tendenciaspoliticas.com\/index.php?rest_route=%2Fwp%2Fv2%2Fmedia&parent=44161"}],"wp:term":[{"taxonomy":"category","embeddable":true,"href":"https:\/\/tendenciaspoliticas.com\/index.php?rest_route=%2Fwp%2Fv2%2Fcategories&post=44161"},{"taxonomy":"post_tag","embeddable":true,"href":"https:\/\/tendenciaspoliticas.com\/index.php?rest_route=%2Fwp%2Fv2%2Ftags&post=44161"}],"curies":[{"name":"wp","href":"https:\/\/api.w.org\/{rel}","templated":true}]}}