{"id":44155,"date":"2026-03-12T08:00:56","date_gmt":"2026-03-12T11:00:56","guid":{"rendered":"https:\/\/tendenciaspoliticas.com\/?p=44155"},"modified":"2026-03-12T08:00:57","modified_gmt":"2026-03-12T11:00:57","slug":"aumentan-los-pasajes-aereos-hasta-us-200-por-la-suba-del-petroleo","status":"publish","type":"post","link":"https:\/\/tendenciaspoliticas.com\/?p=44155","title":{"rendered":"Aumentan los pasajes a\u00e9reos hasta US$ 200 por la suba del petr\u00f3leo"},"content":{"rendered":"\n<h3 class=\"wp-block-heading\"><\/h3>\n\n\n\n<figure class=\"wp-block-image size-full\"><img loading=\"lazy\" decoding=\"async\" width=\"880\" height=\"495\" src=\"https:\/\/tendenciaspoliticas.com\/wp-content\/uploads\/2026\/03\/image-161.png\" alt=\"\" class=\"wp-image-44156\" srcset=\"https:\/\/tendenciaspoliticas.com\/wp-content\/uploads\/2026\/03\/image-161.png 880w, https:\/\/tendenciaspoliticas.com\/wp-content\/uploads\/2026\/03\/image-161-300x169.png 300w, https:\/\/tendenciaspoliticas.com\/wp-content\/uploads\/2026\/03\/image-161-768x432.png 768w\" sizes=\"auto, (max-width: 880px) 100vw, 880px\" \/><\/figure>\n\n\n\n<p><em>El encarecimiento del crudo impacta en las tarifas de las aerol\u00edneas y ya se traslad\u00f3 a los precios de los vuelos internacionales.<\/em><\/p>\n\n\n\n<p>El aumento del precio internacional del petr\u00f3leo comenz\u00f3 a trasladarse de manera directa al costo de los pasajes a\u00e9reos. Varias compa\u00f1\u00edas del sector ajustaron sus tarifas y algunos vuelos internacionales ya registran incrementos que pueden alcanzar hasta los 200 d\u00f3lares por tramo.<\/p>\n\n\n\n<p>La suba se explica principalmente por el encarecimiento del combustible para aviaci\u00f3n, uno de los principales costos operativos de las aerol\u00edneas. El impacto ya se siente en diferentes rutas y en los pr\u00f3ximos meses podr\u00eda ampliarse si el precio del crudo se mantiene en niveles elevados debido a las tensiones geopol\u00edticas en Medio Oriente.<\/p>\n\n\n\n<p>En el caso de Aerol\u00edneas Argentinas, la empresa comenz\u00f3 a aplicar un recargo cercano a los 50 d\u00f3lares en algunos vuelos internacionales. Desde la compa\u00f1\u00eda se\u00f1alaron que se trata de un ajuste vinculado al costo del combustible, que representa una porci\u00f3n significativa de los gastos de operaci\u00f3n.<\/p>\n\n\n\n<p>Especialistas del sector aeron\u00e1utico explican que el precio del petr\u00f3leo tiene un impacto directo sobre la estructura tarifaria de las compa\u00f1\u00edas. Cuando el crudo sube, las aerol\u00edneas suelen trasladar parte de ese aumento a los pasajeros mediante recargos o ajustes en las tarifas.<\/p>\n\n\n\n<p>La situaci\u00f3n se produce en un contexto de fuerte volatilidad en el mercado energ\u00e9tico mundial. El conflicto en Medio Oriente y las tensiones en rutas estrat\u00e9gicas del transporte mar\u00edtimo generaron preocupaci\u00f3n entre los pa\u00edses consumidores y elevaron los precios del crudo en los mercados internacionales.<\/p>\n\n\n\n<p>Para los viajeros, el escenario implica que volar podr\u00eda resultar m\u00e1s caro durante los pr\u00f3ximos meses. En especial en los trayectos de larga distancia, donde el combustible representa una proporci\u00f3n mayor del costo total del vuelo.<\/p>\n\n\n\n<p>En la industria a\u00e9rea advierten que, si el precio del petr\u00f3leo contin\u00faa en ascenso, las tarifas podr\u00edan seguir aumentando a lo largo del a\u00f1o.<\/p>\n","protected":false},"excerpt":{"rendered":"<p>El encarecimiento del crudo impacta en las tarifas de las aerol\u00edneas y ya se traslad\u00f3&#8230;<\/p>\n","protected":false},"author":2,"featured_media":0,"comment_status":"open","ping_status":"open","sticky":false,"template":"","format":"standard","meta":{"footnotes":""},"categories":[10,13],"tags":[15],"class_list":["post-44155","post","type-post","status-publish","format-standard","hentry","category-economia","category-ultima-noticia","tag-economia"],"_links":{"self":[{"href":"https:\/\/tendenciaspoliticas.com\/index.php?rest_route=\/wp\/v2\/posts\/44155","targetHints":{"allow":["GET"]}}],"collection":[{"href":"https:\/\/tendenciaspoliticas.com\/index.php?rest_route=\/wp\/v2\/posts"}],"about":[{"href":"https:\/\/tendenciaspoliticas.com\/index.php?rest_route=\/wp\/v2\/types\/post"}],"author":[{"embeddable":true,"href":"https:\/\/tendenciaspoliticas.com\/index.php?rest_route=\/wp\/v2\/users\/2"}],"replies":[{"embeddable":true,"href":"https:\/\/tendenciaspoliticas.com\/index.php?rest_route=%2Fwp%2Fv2%2Fcomments&post=44155"}],"version-history":[{"count":1,"href":"https:\/\/tendenciaspoliticas.com\/index.php?rest_route=\/wp\/v2\/posts\/44155\/revisions"}],"predecessor-version":[{"id":44157,"href":"https:\/\/tendenciaspoliticas.com\/index.php?rest_route=\/wp\/v2\/posts\/44155\/revisions\/44157"}],"wp:attachment":[{"href":"https:\/\/tendenciaspoliticas.com\/index.php?rest_route=%2Fwp%2Fv2%2Fmedia&parent=44155"}],"wp:term":[{"taxonomy":"category","embeddable":true,"href":"https:\/\/tendenciaspoliticas.com\/index.php?rest_route=%2Fwp%2Fv2%2Fcategories&post=44155"},{"taxonomy":"post_tag","embeddable":true,"href":"https:\/\/tendenciaspoliticas.com\/index.php?rest_route=%2Fwp%2Fv2%2Ftags&post=44155"}],"curies":[{"name":"wp","href":"https:\/\/api.w.org\/{rel}","templated":true}]}}