{"id":44152,"date":"2026-03-11T07:35:12","date_gmt":"2026-03-11T10:35:12","guid":{"rendered":"https:\/\/tendenciaspoliticas.com\/?p=44152"},"modified":"2026-03-11T07:35:13","modified_gmt":"2026-03-11T10:35:13","slug":"tulipan-despidio-a-220-empleados-en-medio-de-una-fuerte-caida-de-ventas","status":"publish","type":"post","link":"https:\/\/tendenciaspoliticas.com\/?p=44152","title":{"rendered":"Tulip\u00e1n despidi\u00f3 a 220 empleados en medio de una fuerte ca\u00edda de ventas"},"content":{"rendered":"\n<p><em>La empresa redujo m\u00e1s del 60% de su personal en sus dos plantas ante el fuerte impacto que sufrieron las ventas de hilados de l\u00e1tex y otros insumos industriales.<\/em><br><\/p>\n\n\n\n<figure class=\"wp-block-image size-full\"><img loading=\"lazy\" decoding=\"async\" width=\"878\" height=\"585\" src=\"https:\/\/tendenciaspoliticas.com\/wp-content\/uploads\/2026\/03\/image-160.png\" alt=\"\" class=\"wp-image-44153\" srcset=\"https:\/\/tendenciaspoliticas.com\/wp-content\/uploads\/2026\/03\/image-160.png 878w, https:\/\/tendenciaspoliticas.com\/wp-content\/uploads\/2026\/03\/image-160-300x200.png 300w, https:\/\/tendenciaspoliticas.com\/wp-content\/uploads\/2026\/03\/image-160-768x512.png 768w\" sizes=\"auto, (max-width: 878px) 100vw, 878px\" \/><\/figure>\n\n\n\n<p>La empresa Tulip\u00e1n despidi\u00f3 a 220 trabajadores como parte de un proceso de reducci\u00f3n de su estructura productiva, en un contexto marcado por la fuerte ca\u00edda en las ventas de hilados de l\u00e1tex y otros insumos industriales que comercializa la compa\u00f1\u00eda.<\/p>\n\n\n\n<p>La medida implic\u00f3 una reducci\u00f3n superior al 60% de la plantilla laboral en las dos plantas que la empresa mantiene en funcionamiento. Seg\u00fan se inform\u00f3, la decisi\u00f3n fue tomada luego de que distintos segmentos de su actividad registraran un deterioro significativo en la demanda.<\/p>\n\n\n\n<p>La compa\u00f1\u00eda produce y comercializa diversos art\u00edculos vinculados al l\u00e1tex y a la industria qu\u00edmica, entre ellos insumos utilizados por otros sectores manufactureros. En los \u00faltimos meses, la baja en el nivel de actividad industrial impact\u00f3 directamente sobre ese mercado.<\/p>\n\n\n\n<p>La ca\u00edda en las ventas oblig\u00f3 a la empresa a revisar su estructura operativa y a implementar un fuerte ajuste en su dotaci\u00f3n de personal.<\/p>\n\n\n\n<p>Los despidos generaron preocupaci\u00f3n entre los trabajadores y en el sector sindical, ya que la reducci\u00f3n de la planta laboral afect\u00f3 a una gran proporci\u00f3n de empleados de la compa\u00f1\u00eda.<\/p>\n\n\n\n<p>El recorte tambi\u00e9n refleja las dificultades que enfrentan algunas industrias proveedoras de insumos, que dependen en gran medida del nivel de actividad de otras ramas productivas.<\/p>\n\n\n\n<p>En ese contexto, la menor demanda de materiales industriales y la contracci\u00f3n de ciertos mercados golpearon las ventas de la firma.<\/p>\n\n\n\n<p>La situaci\u00f3n de Tulip\u00e1n se suma a otros casos de empresas que en los \u00faltimos meses implementaron ajustes en su estructura laboral frente a la desaceleraci\u00f3n de la actividad econ\u00f3mica.<\/p>\n\n\n\n<p>El futuro de la compa\u00f1\u00eda depender\u00e1 en gran medida de la evoluci\u00f3n del mercado de insumos industriales y de la recuperaci\u00f3n de la demanda en los sectores que utilizan estos productos.<\/p>\n","protected":false},"excerpt":{"rendered":"<p>La empresa redujo m\u00e1s del 60% de su personal en sus dos plantas ante el&#8230;<\/p>\n","protected":false},"author":2,"featured_media":0,"comment_status":"open","ping_status":"open","sticky":false,"template":"","format":"standard","meta":{"footnotes":""},"categories":[10,13],"tags":[15],"class_list":["post-44152","post","type-post","status-publish","format-standard","hentry","category-economia","category-ultima-noticia","tag-economia"],"_links":{"self":[{"href":"https:\/\/tendenciaspoliticas.com\/index.php?rest_route=\/wp\/v2\/posts\/44152","targetHints":{"allow":["GET"]}}],"collection":[{"href":"https:\/\/tendenciaspoliticas.com\/index.php?rest_route=\/wp\/v2\/posts"}],"about":[{"href":"https:\/\/tendenciaspoliticas.com\/index.php?rest_route=\/wp\/v2\/types\/post"}],"author":[{"embeddable":true,"href":"https:\/\/tendenciaspoliticas.com\/index.php?rest_route=\/wp\/v2\/users\/2"}],"replies":[{"embeddable":true,"href":"https:\/\/tendenciaspoliticas.com\/index.php?rest_route=%2Fwp%2Fv2%2Fcomments&post=44152"}],"version-history":[{"count":1,"href":"https:\/\/tendenciaspoliticas.com\/index.php?rest_route=\/wp\/v2\/posts\/44152\/revisions"}],"predecessor-version":[{"id":44154,"href":"https:\/\/tendenciaspoliticas.com\/index.php?rest_route=\/wp\/v2\/posts\/44152\/revisions\/44154"}],"wp:attachment":[{"href":"https:\/\/tendenciaspoliticas.com\/index.php?rest_route=%2Fwp%2Fv2%2Fmedia&parent=44152"}],"wp:term":[{"taxonomy":"category","embeddable":true,"href":"https:\/\/tendenciaspoliticas.com\/index.php?rest_route=%2Fwp%2Fv2%2Fcategories&post=44152"},{"taxonomy":"post_tag","embeddable":true,"href":"https:\/\/tendenciaspoliticas.com\/index.php?rest_route=%2Fwp%2Fv2%2Ftags&post=44152"}],"curies":[{"name":"wp","href":"https:\/\/api.w.org\/{rel}","templated":true}]}}