{"id":44149,"date":"2026-03-11T16:32:00","date_gmt":"2026-03-11T19:32:00","guid":{"rendered":"https:\/\/tendenciaspoliticas.com\/?p=44149"},"modified":"2026-03-11T07:33:41","modified_gmt":"2026-03-11T10:33:41","slug":"una-encuesta-revela-que-seis-de-cada-diez-trabajadores-se-saltean-comidas-por-problemas-economicos","status":"publish","type":"post","link":"https:\/\/tendenciaspoliticas.com\/?p=44149","title":{"rendered":"Una encuesta revela que seis de cada diez trabajadores se saltean comidas por problemas econ\u00f3micos"},"content":{"rendered":"\n<h3 class=\"wp-block-heading\"><\/h3>\n\n\n\n<figure class=\"wp-block-image size-full\"><img loading=\"lazy\" decoding=\"async\" width=\"900\" height=\"600\" src=\"https:\/\/tendenciaspoliticas.com\/wp-content\/uploads\/2026\/03\/image-159.png\" alt=\"\" class=\"wp-image-44150\" srcset=\"https:\/\/tendenciaspoliticas.com\/wp-content\/uploads\/2026\/03\/image-159.png 900w, https:\/\/tendenciaspoliticas.com\/wp-content\/uploads\/2026\/03\/image-159-300x200.png 300w, https:\/\/tendenciaspoliticas.com\/wp-content\/uploads\/2026\/03\/image-159-768x512.png 768w\" sizes=\"auto, (max-width: 900px) 100vw, 900px\" \/><\/figure>\n\n\n\n<p><em>Un estudio de la UCA advierte sobre el impacto de la crisis en los h\u00e1bitos alimentarios de los asalariados.<\/em><\/p>\n\n\n\n<p>Un estudio reciente revel\u00f3 que seis de cada diez trabajadores asalariados en Argentina se saltean comidas debido a dificultades econ\u00f3micas.<\/p>\n\n\n\n<p>La encuesta fue realizada por el Observatorio de la Deuda Social de la Universidad Cat\u00f3lica Argentina (UCA) y se bas\u00f3 en un relevamiento de 1.171 casos en distintas ciudades del pa\u00eds.<\/p>\n\n\n\n<p>El informe analiza el impacto de la situaci\u00f3n econ\u00f3mica sobre las condiciones de vida de los trabajadores y sus familias.<\/p>\n\n\n\n<p>Entre los datos m\u00e1s preocupantes se destaca el aumento de las estrategias de ajuste en el consumo de alimentos, que incluyen la reducci\u00f3n de porciones o la eliminaci\u00f3n de alguna comida diaria.<\/p>\n\n\n\n<p>Los resultados reflejan las dificultades que enfrentan muchos hogares para sostener el acceso a una alimentaci\u00f3n adecuada en un contexto de alta inflaci\u00f3n y p\u00e9rdida del poder adquisitivo.<\/p>\n\n\n\n<p>La encuesta se centra en trabajadores asalariados, un segmento que tradicionalmente contaba con mayor estabilidad econ\u00f3mica.<\/p>\n\n\n\n<p>Sin embargo, el estudio sugiere que incluso entre quienes tienen empleo formal aparecen se\u00f1ales de deterioro en las condiciones de vida.<\/p>\n\n\n\n<p>Especialistas se\u00f1alan que la reducci\u00f3n del consumo alimentario puede tener consecuencias directas sobre la salud y el bienestar de las personas.<\/p>\n\n\n\n<p>El informe tambi\u00e9n advierte que la persistencia de estas dificultades podr\u00eda generar efectos sociales de largo plazo.<\/p>\n\n\n\n<p>Los resultados del estudio se suman a otros indicadores que reflejan el impacto de la situaci\u00f3n econ\u00f3mica sobre el consumo y la calidad de vida de amplios sectores de la poblaci\u00f3n.<\/p>\n","protected":false},"excerpt":{"rendered":"<p>Un estudio de la UCA advierte sobre el impacto de la crisis en los h\u00e1bitos&#8230;<\/p>\n","protected":false},"author":2,"featured_media":0,"comment_status":"open","ping_status":"open","sticky":false,"template":"","format":"standard","meta":{"footnotes":""},"categories":[10,13],"tags":[15],"class_list":["post-44149","post","type-post","status-publish","format-standard","hentry","category-economia","category-ultima-noticia","tag-economia"],"_links":{"self":[{"href":"https:\/\/tendenciaspoliticas.com\/index.php?rest_route=\/wp\/v2\/posts\/44149","targetHints":{"allow":["GET"]}}],"collection":[{"href":"https:\/\/tendenciaspoliticas.com\/index.php?rest_route=\/wp\/v2\/posts"}],"about":[{"href":"https:\/\/tendenciaspoliticas.com\/index.php?rest_route=\/wp\/v2\/types\/post"}],"author":[{"embeddable":true,"href":"https:\/\/tendenciaspoliticas.com\/index.php?rest_route=\/wp\/v2\/users\/2"}],"replies":[{"embeddable":true,"href":"https:\/\/tendenciaspoliticas.com\/index.php?rest_route=%2Fwp%2Fv2%2Fcomments&post=44149"}],"version-history":[{"count":1,"href":"https:\/\/tendenciaspoliticas.com\/index.php?rest_route=\/wp\/v2\/posts\/44149\/revisions"}],"predecessor-version":[{"id":44151,"href":"https:\/\/tendenciaspoliticas.com\/index.php?rest_route=\/wp\/v2\/posts\/44149\/revisions\/44151"}],"wp:attachment":[{"href":"https:\/\/tendenciaspoliticas.com\/index.php?rest_route=%2Fwp%2Fv2%2Fmedia&parent=44149"}],"wp:term":[{"taxonomy":"category","embeddable":true,"href":"https:\/\/tendenciaspoliticas.com\/index.php?rest_route=%2Fwp%2Fv2%2Fcategories&post=44149"},{"taxonomy":"post_tag","embeddable":true,"href":"https:\/\/tendenciaspoliticas.com\/index.php?rest_route=%2Fwp%2Fv2%2Ftags&post=44149"}],"curies":[{"name":"wp","href":"https:\/\/api.w.org\/{rel}","templated":true}]}}