{"id":44146,"date":"2026-03-11T16:32:00","date_gmt":"2026-03-11T19:32:00","guid":{"rendered":"https:\/\/tendenciaspoliticas.com\/?p=44146"},"modified":"2026-03-11T07:32:50","modified_gmt":"2026-03-11T10:32:50","slug":"adorni-defendio-el-viaje-de-su-esposa-en-el-avion-presidencial","status":"publish","type":"post","link":"https:\/\/tendenciaspoliticas.com\/?p=44146","title":{"rendered":"Adorni defendi\u00f3 el viaje de su esposa en el avi\u00f3n presidencial"},"content":{"rendered":"\n<h3 class=\"wp-block-heading\"><\/h3>\n\n\n\n<figure class=\"wp-block-image size-full is-resized\"><img loading=\"lazy\" decoding=\"async\" width=\"275\" height=\"183\" src=\"https:\/\/tendenciaspoliticas.com\/wp-content\/uploads\/2026\/03\/image-158.png\" alt=\"\" class=\"wp-image-44147\" style=\"width:790px;height:auto\"\/><\/figure>\n\n\n\n<p><em>El jefe de Gabinete respondi\u00f3 a cuestionamientos sobre la presencia de Bettina Angeletti durante la gira oficial en Nueva York.<\/em><\/p>\n\n\n\n<p>El jefe de Gabinete, Manuel Adorni, defendi\u00f3 la presencia de su esposa Bettina Angeletti en el viaje oficial que realiz\u00f3 junto al presidente Javier Milei a Nueva York.<\/p>\n\n\n\n<p>La pol\u00e9mica surgi\u00f3 luego de que un diputado solicitara investigar la participaci\u00f3n de Angeletti en la comitiva que utiliz\u00f3 el avi\u00f3n presidencial para trasladarse a Estados Unidos.<\/p>\n\n\n\n<p>Frente a las cr\u00edticas, Adorni explic\u00f3 que su esposa lo acompa\u00f1\u00f3 durante la gira, pero asegur\u00f3 que su presencia no implic\u00f3 ning\u00fan gasto adicional para el Estado.<\/p>\n\n\n\n<p>\u201cVengo una semana a deslomarme a Nueva York, quer\u00eda que me acompa\u00f1e\u201d, afirm\u00f3 el funcionario al referirse a la situaci\u00f3n.<\/p>\n\n\n\n<p>Seg\u00fan sostuvo, el viaje de Angeletti no gener\u00f3 costos para el gobierno y se trat\u00f3 simplemente de una compa\u00f1\u00eda personal durante una agenda oficial exigente.<\/p>\n\n\n\n<p>La gira en Nueva York incluy\u00f3 reuniones vinculadas con la Argentina Week, un encuentro que re\u00fane a empresarios, inversores y funcionarios interesados en oportunidades de inversi\u00f3n en el pa\u00eds.<\/p>\n\n\n\n<p>Durante esas actividades, integrantes del Gobierno buscaron reforzar v\u00ednculos con el sector financiero y promover el programa econ\u00f3mico de la administraci\u00f3n de Milei.<\/p>\n\n\n\n<p>La pol\u00e9mica por el uso del avi\u00f3n presidencial se suma a otras discusiones sobre los gastos vinculados a los viajes oficiales.<\/p>\n\n\n\n<p>Desde el Gobierno sostienen que las cr\u00edticas responden a motivaciones pol\u00edticas, mientras que algunos sectores de la oposici\u00f3n reclaman mayor transparencia en el uso de recursos p\u00fablicos.<\/p>\n\n\n\n<p>El episodio volvi\u00f3 a poner en debate los criterios utilizados para integrar las comitivas oficiales en viajes internacionales.<\/p>\n","protected":false},"excerpt":{"rendered":"<p>El jefe de Gabinete respondi\u00f3 a cuestionamientos sobre la presencia de Bettina Angeletti durante la&#8230;<\/p>\n","protected":false},"author":2,"featured_media":0,"comment_status":"open","ping_status":"open","sticky":false,"template":"","format":"standard","meta":{"footnotes":""},"categories":[1],"tags":[14],"class_list":["post-44146","post","type-post","status-publish","format-standard","hentry","category-politica","tag-politica"],"_links":{"self":[{"href":"https:\/\/tendenciaspoliticas.com\/index.php?rest_route=\/wp\/v2\/posts\/44146","targetHints":{"allow":["GET"]}}],"collection":[{"href":"https:\/\/tendenciaspoliticas.com\/index.php?rest_route=\/wp\/v2\/posts"}],"about":[{"href":"https:\/\/tendenciaspoliticas.com\/index.php?rest_route=\/wp\/v2\/types\/post"}],"author":[{"embeddable":true,"href":"https:\/\/tendenciaspoliticas.com\/index.php?rest_route=\/wp\/v2\/users\/2"}],"replies":[{"embeddable":true,"href":"https:\/\/tendenciaspoliticas.com\/index.php?rest_route=%2Fwp%2Fv2%2Fcomments&post=44146"}],"version-history":[{"count":1,"href":"https:\/\/tendenciaspoliticas.com\/index.php?rest_route=\/wp\/v2\/posts\/44146\/revisions"}],"predecessor-version":[{"id":44148,"href":"https:\/\/tendenciaspoliticas.com\/index.php?rest_route=\/wp\/v2\/posts\/44146\/revisions\/44148"}],"wp:attachment":[{"href":"https:\/\/tendenciaspoliticas.com\/index.php?rest_route=%2Fwp%2Fv2%2Fmedia&parent=44146"}],"wp:term":[{"taxonomy":"category","embeddable":true,"href":"https:\/\/tendenciaspoliticas.com\/index.php?rest_route=%2Fwp%2Fv2%2Fcategories&post=44146"},{"taxonomy":"post_tag","embeddable":true,"href":"https:\/\/tendenciaspoliticas.com\/index.php?rest_route=%2Fwp%2Fv2%2Ftags&post=44146"}],"curies":[{"name":"wp","href":"https:\/\/api.w.org\/{rel}","templated":true}]}}