{"id":44137,"date":"2026-03-11T16:29:00","date_gmt":"2026-03-11T19:29:00","guid":{"rendered":"https:\/\/tendenciaspoliticas.com\/?p=44137"},"modified":"2026-03-11T07:30:34","modified_gmt":"2026-03-11T10:30:34","slug":"el-gobierno-anuncio-sanciones-contra-fate-por-incumplir-la-conciliacion-obligatoria","status":"publish","type":"post","link":"https:\/\/tendenciaspoliticas.com\/?p=44137","title":{"rendered":"El Gobierno anunci\u00f3 sanciones contra FATE por incumplir la conciliaci\u00f3n obligatoria"},"content":{"rendered":"\n<h3 class=\"wp-block-heading\"><\/h3>\n\n\n\n<figure class=\"wp-block-image size-large\"><img loading=\"lazy\" decoding=\"async\" width=\"1024\" height=\"516\" src=\"https:\/\/tendenciaspoliticas.com\/wp-content\/uploads\/2026\/03\/image-155-1024x516.png\" alt=\"\" class=\"wp-image-44138\" srcset=\"https:\/\/tendenciaspoliticas.com\/wp-content\/uploads\/2026\/03\/image-155-1024x516.png 1024w, https:\/\/tendenciaspoliticas.com\/wp-content\/uploads\/2026\/03\/image-155-300x151.png 300w, https:\/\/tendenciaspoliticas.com\/wp-content\/uploads\/2026\/03\/image-155-768x387.png 768w, https:\/\/tendenciaspoliticas.com\/wp-content\/uploads\/2026\/03\/image-155.png 1300w\" sizes=\"auto, (max-width: 1024px) 100vw, 1024px\" \/><\/figure>\n\n\n\n<p><em>La empresa fue cuestionada por no pagar salarios durante el conflicto laboral que mantiene con sus trabajadores.<\/em><\/p>\n\n\n\n<p>El Gobierno nacional anunci\u00f3 que sancionar\u00e1 a la empresa FATE por incumplir el per\u00edodo de conciliaci\u00f3n obligatoria dispuesto en el marco del conflicto laboral que mantiene con sus trabajadores.<\/p>\n\n\n\n<p>La decisi\u00f3n fue comunicada luego de que la compa\u00f1\u00eda no abonara los salarios correspondientes durante el proceso de negociaci\u00f3n.<\/p>\n\n\n\n<p>El conflicto se produjo tras el cierre de la empresa y el inicio de un enfrentamiento entre la compa\u00f1\u00eda y los empleados, que reclaman por el pago de haberes y la continuidad de sus puestos de trabajo.<\/p>\n\n\n\n<p>La conciliaci\u00f3n obligatoria es un mecanismo legal que busca suspender medidas de fuerza y garantizar el funcionamiento de la actividad mientras se desarrollan negociaciones entre las partes.<\/p>\n\n\n\n<p>Seg\u00fan el Gobierno, el incumplimiento de ese procedimiento por parte de la empresa motiv\u00f3 la decisi\u00f3n de aplicar sanciones.<\/p>\n\n\n\n<p>El caso tambi\u00e9n se inscribe en un contexto de tensi\u00f3n entre el Ejecutivo y el empresario Javier Madanes Quintanilla, propietario de FATE y de la empresa Aluar.<\/p>\n\n\n\n<p>En los \u00faltimos d\u00edas, el presidente Javier Milei lanz\u00f3 cr\u00edticas p\u00fablicas contra el empresario en medio del conflicto laboral.<\/p>\n\n\n\n<p>La situaci\u00f3n gener\u00f3 preocupaci\u00f3n en el sector industrial y sindical, que sigue de cerca el desarrollo de las negociaciones.<\/p>\n\n\n\n<p>Las autoridades laborales buscan avanzar en una soluci\u00f3n que permita resolver el conflicto y restablecer la actividad productiva.<\/p>\n\n\n\n<p>Mientras tanto, el expediente contin\u00faa en el \u00e1mbito administrativo y podr\u00eda derivar en nuevas medidas si no se alcanza un acuerdo entre la empresa y los trabajadores.<\/p>\n","protected":false},"excerpt":{"rendered":"<p>La empresa fue cuestionada por no pagar salarios durante el conflicto laboral que mantiene con&#8230;<\/p>\n","protected":false},"author":2,"featured_media":0,"comment_status":"open","ping_status":"open","sticky":false,"template":"","format":"standard","meta":{"footnotes":""},"categories":[10,13],"tags":[15],"class_list":["post-44137","post","type-post","status-publish","format-standard","hentry","category-economia","category-ultima-noticia","tag-economia"],"_links":{"self":[{"href":"https:\/\/tendenciaspoliticas.com\/index.php?rest_route=\/wp\/v2\/posts\/44137","targetHints":{"allow":["GET"]}}],"collection":[{"href":"https:\/\/tendenciaspoliticas.com\/index.php?rest_route=\/wp\/v2\/posts"}],"about":[{"href":"https:\/\/tendenciaspoliticas.com\/index.php?rest_route=\/wp\/v2\/types\/post"}],"author":[{"embeddable":true,"href":"https:\/\/tendenciaspoliticas.com\/index.php?rest_route=\/wp\/v2\/users\/2"}],"replies":[{"embeddable":true,"href":"https:\/\/tendenciaspoliticas.com\/index.php?rest_route=%2Fwp%2Fv2%2Fcomments&post=44137"}],"version-history":[{"count":1,"href":"https:\/\/tendenciaspoliticas.com\/index.php?rest_route=\/wp\/v2\/posts\/44137\/revisions"}],"predecessor-version":[{"id":44139,"href":"https:\/\/tendenciaspoliticas.com\/index.php?rest_route=\/wp\/v2\/posts\/44137\/revisions\/44139"}],"wp:attachment":[{"href":"https:\/\/tendenciaspoliticas.com\/index.php?rest_route=%2Fwp%2Fv2%2Fmedia&parent=44137"}],"wp:term":[{"taxonomy":"category","embeddable":true,"href":"https:\/\/tendenciaspoliticas.com\/index.php?rest_route=%2Fwp%2Fv2%2Fcategories&post=44137"},{"taxonomy":"post_tag","embeddable":true,"href":"https:\/\/tendenciaspoliticas.com\/index.php?rest_route=%2Fwp%2Fv2%2Ftags&post=44137"}],"curies":[{"name":"wp","href":"https:\/\/api.w.org\/{rel}","templated":true}]}}