{"id":44134,"date":"2026-03-11T16:29:00","date_gmt":"2026-03-11T19:29:00","guid":{"rendered":"https:\/\/tendenciaspoliticas.com\/?p=44134"},"modified":"2026-03-11T07:29:54","modified_gmt":"2026-03-11T10:29:54","slug":"expoagro-pullaro-pidio-reducir-retenciones-y-alerto-sobre-sectores-productivos-en-crisis","status":"publish","type":"post","link":"https:\/\/tendenciaspoliticas.com\/?p=44134","title":{"rendered":"ExpoAgro. Pullaro pidi\u00f3 reducir retenciones y alert\u00f3 sobre sectores productivos en crisis"},"content":{"rendered":"\n<h3 class=\"wp-block-heading\"><\/h3>\n\n\n\n<figure class=\"wp-block-image size-full\"><img loading=\"lazy\" decoding=\"async\" width=\"870\" height=\"488\" src=\"https:\/\/tendenciaspoliticas.com\/wp-content\/uploads\/2026\/03\/image-154.png\" alt=\"\" class=\"wp-image-44135\" srcset=\"https:\/\/tendenciaspoliticas.com\/wp-content\/uploads\/2026\/03\/image-154.png 870w, https:\/\/tendenciaspoliticas.com\/wp-content\/uploads\/2026\/03\/image-154-300x168.png 300w, https:\/\/tendenciaspoliticas.com\/wp-content\/uploads\/2026\/03\/image-154-768x431.png 768w\" sizes=\"auto, (max-width: 870px) 100vw, 870px\" \/><\/figure>\n\n\n\n<p><em>El gobernador de Santa Fe reclam\u00f3 medidas para aliviar la situaci\u00f3n de algunas actividades econ\u00f3micas.<\/em><\/p>\n\n\n\n<p>El gobernador de Santa Fe, Maximiliano Pullaro, reclam\u00f3 una reducci\u00f3n de las retenciones a las exportaciones y advirti\u00f3 que varios sectores productivos atraviesan una situaci\u00f3n complicada.<\/p>\n\n\n\n<p>El mandatario provincial sostuvo que algunas actividades econ\u00f3micas enfrentan dificultades que requieren medidas de alivio por parte del Gobierno nacional.<\/p>\n\n\n\n<p>Seg\u00fan se\u00f1al\u00f3, el nivel de derechos de exportaci\u00f3n sigue siendo un factor que afecta la competitividad de sectores vinculados al agro y a la producci\u00f3n industrial.<\/p>\n\n\n\n<p>Pullaro remarc\u00f3 que la reducci\u00f3n de esa carga impositiva podr\u00eda contribuir a mejorar las condiciones para la producci\u00f3n y estimular la inversi\u00f3n en distintas actividades.<\/p>\n\n\n\n<p>El planteo se produce en un contexto de tensiones econ\u00f3micas derivadas de la volatilidad internacional y de los cambios en el escenario energ\u00e9tico global.<\/p>\n\n\n\n<p>En ese marco, el gobernador tambi\u00e9n destac\u00f3 la importancia de que Argentina mantenga un alineamiento con los pa\u00edses occidentales frente a la tensi\u00f3n que involucra a Estados Unidos, Israel e Ir\u00e1n.<\/p>\n\n\n\n<p>La situaci\u00f3n internacional, marcada por conflictos geopol\u00edticos y fluctuaciones en el precio de las materias primas, agrega presi\u00f3n sobre las econom\u00edas regionales.<\/p>\n\n\n\n<p>Santa Fe es una de las principales provincias productivas del pa\u00eds, con fuerte presencia del sector agroindustrial y exportador.<\/p>\n\n\n\n<p>Por eso, las decisiones relacionadas con la pol\u00edtica comercial y tributaria tienen un impacto directo sobre su actividad econ\u00f3mica.<\/p>\n\n\n\n<p>El reclamo del gobernador se suma a los planteos realizados por distintos actores del sector productivo que piden revisar el esquema de retenciones vigente.<\/p>\n","protected":false},"excerpt":{"rendered":"<p>El gobernador de Santa Fe reclam\u00f3 medidas para aliviar la situaci\u00f3n de algunas actividades econ\u00f3micas&#8230;.<\/p>\n","protected":false},"author":2,"featured_media":0,"comment_status":"open","ping_status":"open","sticky":false,"template":"","format":"standard","meta":{"footnotes":""},"categories":[10,13],"tags":[15],"class_list":["post-44134","post","type-post","status-publish","format-standard","hentry","category-economia","category-ultima-noticia","tag-economia"],"_links":{"self":[{"href":"https:\/\/tendenciaspoliticas.com\/index.php?rest_route=\/wp\/v2\/posts\/44134","targetHints":{"allow":["GET"]}}],"collection":[{"href":"https:\/\/tendenciaspoliticas.com\/index.php?rest_route=\/wp\/v2\/posts"}],"about":[{"href":"https:\/\/tendenciaspoliticas.com\/index.php?rest_route=\/wp\/v2\/types\/post"}],"author":[{"embeddable":true,"href":"https:\/\/tendenciaspoliticas.com\/index.php?rest_route=\/wp\/v2\/users\/2"}],"replies":[{"embeddable":true,"href":"https:\/\/tendenciaspoliticas.com\/index.php?rest_route=%2Fwp%2Fv2%2Fcomments&post=44134"}],"version-history":[{"count":1,"href":"https:\/\/tendenciaspoliticas.com\/index.php?rest_route=\/wp\/v2\/posts\/44134\/revisions"}],"predecessor-version":[{"id":44136,"href":"https:\/\/tendenciaspoliticas.com\/index.php?rest_route=\/wp\/v2\/posts\/44134\/revisions\/44136"}],"wp:attachment":[{"href":"https:\/\/tendenciaspoliticas.com\/index.php?rest_route=%2Fwp%2Fv2%2Fmedia&parent=44134"}],"wp:term":[{"taxonomy":"category","embeddable":true,"href":"https:\/\/tendenciaspoliticas.com\/index.php?rest_route=%2Fwp%2Fv2%2Fcategories&post=44134"},{"taxonomy":"post_tag","embeddable":true,"href":"https:\/\/tendenciaspoliticas.com\/index.php?rest_route=%2Fwp%2Fv2%2Ftags&post=44134"}],"curies":[{"name":"wp","href":"https:\/\/api.w.org\/{rel}","templated":true}]}}