{"id":44131,"date":"2026-03-11T16:28:00","date_gmt":"2026-03-11T19:28:00","guid":{"rendered":"https:\/\/tendenciaspoliticas.com\/?p=44131"},"modified":"2026-03-11T07:29:13","modified_gmt":"2026-03-11T10:29:13","slug":"jorge-macri-busca-concesionar-medios-publicos-portenos-y-se-abre-un-conflicto-politico","status":"publish","type":"post","link":"https:\/\/tendenciaspoliticas.com\/?p=44131","title":{"rendered":"Jorge Macri busca concesionar medios p\u00fablicos porte\u00f1os y se abre un conflicto pol\u00edtico"},"content":{"rendered":"\n<h3 class=\"wp-block-heading\"><\/h3>\n\n\n\n<figure class=\"wp-block-image size-large\"><img loading=\"lazy\" decoding=\"async\" width=\"1024\" height=\"576\" src=\"https:\/\/tendenciaspoliticas.com\/wp-content\/uploads\/2026\/03\/image-153-1024x576.png\" alt=\"\" class=\"wp-image-44132\" srcset=\"https:\/\/tendenciaspoliticas.com\/wp-content\/uploads\/2026\/03\/image-153-1024x576.png 1024w, https:\/\/tendenciaspoliticas.com\/wp-content\/uploads\/2026\/03\/image-153-300x169.png 300w, https:\/\/tendenciaspoliticas.com\/wp-content\/uploads\/2026\/03\/image-153-768x432.png 768w, https:\/\/tendenciaspoliticas.com\/wp-content\/uploads\/2026\/03\/image-153.png 1280w\" sizes=\"auto, (max-width: 1024px) 100vw, 1024px\" \/><\/figure>\n\n\n\n<p><em>El jefe de Gobierno pretende desprenderse de varias emisoras estatales para reducir gastos, pero la medida gener\u00f3 resistencia.<\/em><\/p>\n\n\n\n<p>El jefe de Gobierno de la Ciudad de Buenos Aires, Jorge Macri, impulsa un plan para concesionar distintos medios p\u00fablicos porte\u00f1os con el objetivo de reducir el gasto estatal, una iniciativa que ya gener\u00f3 tensiones pol\u00edticas y sindicales.<\/p>\n\n\n\n<p>La propuesta incluye a la radio La Once Diez, la emisora musical La 2&#215;4 y el Canal de la Ciudad, tres medios que actualmente forman parte del sistema de comunicaci\u00f3n p\u00fablica de la capital.<\/p>\n\n\n\n<p>Seg\u00fan trascendi\u00f3, el Ejecutivo porte\u00f1o pretende avanzar con un esquema de concesiones que permita transferir la operaci\u00f3n de estos medios a manos privadas.<\/p>\n\n\n\n<p>El argumento central del Gobierno es la necesidad de reducir costos y optimizar el uso de recursos p\u00fablicos.<\/p>\n\n\n\n<p>Sin embargo, la iniciativa despert\u00f3 cuestionamientos de sectores pol\u00edticos y gremiales que advierten sobre posibles consecuencias para los trabajadores y para el car\u00e1cter p\u00fablico de los contenidos.<\/p>\n\n\n\n<p>Los pliegos de licitaci\u00f3n que permitir\u00edan avanzar con el proceso deb\u00edan publicarse la semana pasada, pero finalmente la decisi\u00f3n qued\u00f3 en suspenso.<\/p>\n\n\n\n<p>El freno se produjo en medio de las cr\u00edticas y de las negociaciones internas que buscan definir c\u00f3mo continuar\u00e1 el proyecto.<\/p>\n\n\n\n<p>Los medios p\u00fablicos de la Ciudad cumplen funciones vinculadas a la difusi\u00f3n cultural, informativa y educativa, lo que alimenta el debate sobre el rol que deber\u00edan tener dentro del sistema de comunicaci\u00f3n.<\/p>\n\n\n\n<p>La discusi\u00f3n tambi\u00e9n se inscribe en un contexto m\u00e1s amplio de debate sobre la financiaci\u00f3n y el funcionamiento de los medios estatales en distintos niveles de gobierno.<\/p>\n\n\n\n<p>Mientras se definen los pr\u00f3ximos pasos, el proyecto sigue generando posiciones encontradas dentro del \u00e1mbito pol\u00edtico y medi\u00e1tico.<\/p>\n","protected":false},"excerpt":{"rendered":"<p>El jefe de Gobierno pretende desprenderse de varias emisoras estatales para reducir gastos, pero la&#8230;<\/p>\n","protected":false},"author":2,"featured_media":0,"comment_status":"open","ping_status":"open","sticky":false,"template":"","format":"standard","meta":{"footnotes":""},"categories":[13],"tags":[14],"class_list":["post-44131","post","type-post","status-publish","format-standard","hentry","category-ultima-noticia","tag-politica"],"_links":{"self":[{"href":"https:\/\/tendenciaspoliticas.com\/index.php?rest_route=\/wp\/v2\/posts\/44131","targetHints":{"allow":["GET"]}}],"collection":[{"href":"https:\/\/tendenciaspoliticas.com\/index.php?rest_route=\/wp\/v2\/posts"}],"about":[{"href":"https:\/\/tendenciaspoliticas.com\/index.php?rest_route=\/wp\/v2\/types\/post"}],"author":[{"embeddable":true,"href":"https:\/\/tendenciaspoliticas.com\/index.php?rest_route=\/wp\/v2\/users\/2"}],"replies":[{"embeddable":true,"href":"https:\/\/tendenciaspoliticas.com\/index.php?rest_route=%2Fwp%2Fv2%2Fcomments&post=44131"}],"version-history":[{"count":1,"href":"https:\/\/tendenciaspoliticas.com\/index.php?rest_route=\/wp\/v2\/posts\/44131\/revisions"}],"predecessor-version":[{"id":44133,"href":"https:\/\/tendenciaspoliticas.com\/index.php?rest_route=\/wp\/v2\/posts\/44131\/revisions\/44133"}],"wp:attachment":[{"href":"https:\/\/tendenciaspoliticas.com\/index.php?rest_route=%2Fwp%2Fv2%2Fmedia&parent=44131"}],"wp:term":[{"taxonomy":"category","embeddable":true,"href":"https:\/\/tendenciaspoliticas.com\/index.php?rest_route=%2Fwp%2Fv2%2Fcategories&post=44131"},{"taxonomy":"post_tag","embeddable":true,"href":"https:\/\/tendenciaspoliticas.com\/index.php?rest_route=%2Fwp%2Fv2%2Ftags&post=44131"}],"curies":[{"name":"wp","href":"https:\/\/api.w.org\/{rel}","templated":true}]}}